{"id":4580,"date":"2024-09-08T09:29:49","date_gmt":"2024-09-08T12:29:49","guid":{"rendered":"https:\/\/summits.estadao.com.br\/esg\/?p=4580"},"modified":"2024-09-22T22:00:03","modified_gmt":"2024-09-23T01:00:03","slug":"empresas-estao-se-expondo-mais-porque-investidores-e-sociedade-tem-questionado-o-comportamento-das-companhias-diz-executiva-do-santander","status":"publish","type":"post","link":"https:\/\/summits.estadao.com.br\/esg\/2024\/09\/08\/empresas-estao-se-expondo-mais-porque-investidores-e-sociedade-tem-questionado-o-comportamento-das-companhias-diz-executiva-do-santander\/","title":{"rendered":"&#8216;Empresas est\u00e3o se expondo mais, porque investidores e sociedade t\u00eam questionado o comportamento das companhias&#8217;, diz executiva do Santander"},"content":{"rendered":"\n<p><strong>Respons\u00e1vel por selecionar ativos ESG na Santander Asset Management, Luzia Hirata afirma que COP-30 pode ajudar Brasil a atrair recursos<\/strong><\/p>\n\n\n\n<p><em>Por Luciana Dyniewicz &#8211; editada por Mariana Collini em 08\/09\/2024<\/em><\/p>\n\n\n\n<p>A falta de transpar\u00eancia na divulga\u00e7\u00e3o de informa\u00e7\u00f5es sobre responsabilidade ambiental dificulta a an\u00e1lise de empresas brasileiras feita por gestores que escolhem ativos para receber investimentos. A opini\u00e3o \u00e9 de Luzia Hirata, respons\u00e1vel na Santander Asset Management por definir os crit\u00e9rios que classificam fundos ESG.<\/p>\n\n\n\n<p>\u201cMuitas vezes, a gente vai avaliar as companhias do Brasil, e elas acabam tendo uma nota um pouco menor (na compara\u00e7\u00e3o com empresas europeias), porque n\u00e3o temos informa\u00e7\u00e3o suficiente. A gente n\u00e3o consegue ter um retrato do desempenho em rela\u00e7\u00e3o \u00e0 sustentabilidade dessas empresas\u201d, diz a executiva.<\/p>\n\n\n\n<p>A cria\u00e7\u00e3o de uma taxonomia, isto \u00e9, um sistema de classifica\u00e7\u00e3o de atividades e ativos que t\u00eam objetivos ambientais e sociais, deve facilitar o trabalho dos gestores e das empresas que querem se enquadrar nos padr\u00f5es ESG, de acordo com Hirata. Enquanto a Uni\u00e3o Europeia tem uma taxonomia desde 2020, o Brasil come\u00e7ou a desenvolver a sua no ano passado. \u201cN\u00e3o consigo dizer se estamos atrasados, mas, quanto mais tempo demorar, talvez a gente perca mais oportunidades de mostrar esse diferencial (ambiental).\u201d<\/p>\n\n\n\n<p>Sobre a 30\u00aa Confer\u00eancia das Na\u00e7\u00f5es Unidas sobre as Mudan\u00e7as Clim\u00e1ticas (COP-30) \u2015 prevista para ocorrer em novembro de 2025 em Bel\u00e9m \u2014, a executiva afirma que o f\u00f3rum pode ajudar a trazer recursos para o Brasil, desde que o Pa\u00eds consiga se vender como um local com solu\u00e7\u00f5es sustent\u00e1veis para o mundo.<\/p>\n\n\n\n<p>A seguir, trechos da entrevista.<\/p>\n\n\n\n<p><strong>Qu\u00e3o preparadas est\u00e3o as empresas brasileiras para atrair capital de quem quer investir em companhias ou fundos ESG?<\/strong><\/p>\n\n\n\n<p>Tem muitas empresas que est\u00e3o se preparando bem. Empresas que enxergam isso h\u00e1 mais tempo. Quando a gente fala dos temas social e governan\u00e7a, isso \u00e9 um debate recente. Mas, quando se fala de sustentabilidade das empresas, \u00e9 um assunto de mais de 20 anos. A gente vive um momento em que as empresas se posicionam bem, mas ainda t\u00e3o expostas a alguns eventos cr\u00edticos \u2014 acidentes, quest\u00f5es trabalhistas e de governan\u00e7a \u2014, o que demonstra fragilidade. \u00c9 nesse ponto que o mercado financeiro tem se atentado e tentado avaliar se aquilo que est\u00e1 sendo reportado \u00e9 o que a empresa tem como pr\u00e1tica. A gente vive um momento em que as empresas est\u00e3o se expondo um pouco mais, porque investidores e sociedade t\u00eam questionado mais o comportamento das companhias.<\/p>\n\n\n\n<p>Confira outras entrevistas da s\u00e9rie sobre desenvolvimento econ\u00f4mico sustent\u00e1vel no Brasil<\/p>\n\n\n\n<p>\u2018O que um empres\u00e1rio pode fazer para ajudar a Amaz\u00f4nia? Contratar algu\u00e9m\u2019, diz CEO do Grupo Bemol<\/p>\n\n\n\n<p><strong>Nas quest\u00f5es ambientais, as empresas brasileiras est\u00e3o t\u00e3o bem preparadas quanto as europeias e americanas?<\/strong><\/p>\n\n\n\n<p>As europeias t\u00eam uma maturidade maior. Algumas empresas l\u00e1 fora est\u00e3o amadurecendo isso h\u00e1 mais tempo ou s\u00e3o mais cobradas pelos reguladores. Outro aspecto \u00e9 a quest\u00e3o da transpar\u00eancia. As companhias europeias t\u00eam uma exig\u00eancia muito maior em rela\u00e7\u00e3o \u00e0 transpar\u00eancia e \u00e0 divulga\u00e7\u00e3o de informa\u00e7\u00f5es. No Brasil e nos pa\u00edses da Am\u00e9rica Latina, a gente n\u00e3o reporta tanto. Isso dificulta uma an\u00e1lise do ponto de vista de investimentos. Muitas vezes, a gente vai avaliar as companhias do Brasil, e elas acabam tendo uma nota um pouco menor (na compara\u00e7\u00e3o com empresas europeias) porque n\u00e3o temos informa\u00e7\u00e3o suficiente. A gente n\u00e3o consegue ter um retrato do desempenho em rela\u00e7\u00e3o \u00e0 sustentabilidade dessas empresas.<\/p>\n\n\n\n<p><strong>Como est\u00e1 a demanda dos investidores por esses ativos? Parece que houve um \u2018boom\u2019 na pandemia, mas depois o mercado esfriou.<\/strong><\/p>\n\n\n\n<p>Sim, houve uma explos\u00e3o e depois isso se acomodou. N\u00e3o s\u00f3 no Brasil, mas no mundo. No Brasil, a gente teve uma defini\u00e7\u00e3o para a identifica\u00e7\u00e3o de fundos que podem ser classificados como investimento sustent\u00e1vel. A Anbima (Associa\u00e7\u00e3o Brasileira das Entidades dos Mercados Financeiro e de Capitais) e a CVM (Comiss\u00e3o de Valores Mobili\u00e1rios) definiram regras. Isso fez com que o mercado conseguisse identificar melhor qual \u00e9 esse tipo de fundo. A gente tem um mercado que n\u00e3o \u00e9 grande. Est\u00e1 na faixa de R$ 11 bilh\u00f5es de ativos. Esse n\u00famero corresponde a muito menos que 1% do mercado total. Como o Brasil tem um mercado muito grande em ativos de renda fixa, em t\u00edtulos p\u00fablicos, essa compara\u00e7\u00e3o \u00e0s vezes fica dif\u00edcil. Ainda assim, \u00e9 um mercado pequeno, que tem crescido muito em n\u00famero de fundos, mas o que est\u00e1 sendo alocado nesses fundos tem permanecido est\u00e1vel.<\/p>\n\n\n\n<p><strong>A demanda, ent\u00e3o, est\u00e1 baixa?<\/strong><\/p>\n\n\n\n<p>Est\u00e1 baixa. Mas existem altos e baixos. Tem per\u00edodos, como na pandemia, que todo mundo queria ter aloca\u00e7\u00e3o e fundos de investimentos sustent\u00e1veis. Mas a gente ainda n\u00e3o tinha uma regula\u00e7\u00e3o pronta. Agora, a gente tem um mercado mais bem preparado. A demanda vai crescer? N\u00e3o depende s\u00f3 da demanda por ativos ESG. Tem uma condi\u00e7\u00e3o de mercado que influencia bastante. O mercado geral da ind\u00fastria de fundos de investimento acaba tendo seus fluxos maiores ou menores dependendo do momento. Agora, o momento \u00e9 mais dif\u00edcil. Entendo que a demanda de alguns tipos de investidores, como fundos de pens\u00e3o e seguradoras, tende a crescer. Os pr\u00f3prios reguladores est\u00e3o come\u00e7ando a tentar direcionar recursos para essa economia de mais baixo carbono e para uma economia que olhe para o desenvolvimento sustent\u00e1vel. A\u00ed as companhias t\u00eam que estar preparadas. Os gestores de fundos de investimento tamb\u00e9m t\u00eam de estar preparados para conseguir acompanhar o crescimento desse mercado.<\/p>\n\n\n\n<p><strong>Desde 2020, a Uni\u00e3o Europeia tem uma taxonomia. A Taxonomia Sustent\u00e1vel Brasileira ainda est\u00e1 sendo elaborada. Estamos atrasados?<\/strong><\/p>\n\n\n\n<p>N\u00e3o consigo dizer se estamos atrasados, mas, quanto mais tempo demorar, talvez a gente perca mais oportunidades de mostrar esse diferencial. A gente n\u00e3o vai fazer uma taxonomia exatamente como a europeia. Nosso cen\u00e1rio \u00e9 diferente. A gente tem alguns pontos melhores para serem mostrados. Por outro lado, a gente tem outros desafios. Temos quest\u00f5es sociais, que tamb\u00e9m t\u00eam que ser inclu\u00eddas. Isso d\u00e1 mais trabalho. Acho que esse atraso acaba sendo um pouco em rela\u00e7\u00e3o a isso, mas espero que, quando a taxonomia sair, seja bastante consistente. A\u00ed vai ajudar muito n\u00e3o s\u00f3 os gestores de fundos, mas as pr\u00f3prias empresas v\u00e3o saber exatamente o que pode ser considerado sustent\u00e1vel, qual o porcentual de receita est\u00e1 alinhado a produtos considerados sustent\u00e1veis. Isso facilita muito.<\/p>\n\n\n\n<p><strong>A COP pode ajudar a atrair investimentos para empresas brasileiras?<\/strong><\/p>\n\n\n\n<p>Acho que a ideia de a COP ser no Brasil \u00e9 justamente atrair a aten\u00e7\u00e3o do mundo. Est\u00e1 todo mundo tendo esse olhar para o que vai acontecer na COP do ano que vem, e o Brasil tem que estar preparado. Ser\u00e1 que a nossa pol\u00edtica de mudan\u00e7as clim\u00e1ticas vai sair at\u00e9 l\u00e1? A gente vai conseguir mostrar a redu\u00e7\u00e3o de desmatamento na Amaz\u00f4nia e no Cerrado? Os setores v\u00e3o estar mais alinhados em rela\u00e7\u00e3o aos seus compromissos net zero? Tem uma s\u00e9rie de a\u00e7\u00f5es que a gente precisa fazer e estar preparado para o ano que vem, mas tenho certeza de que vai atrair muito a aten\u00e7\u00e3o e, provavelmente, recursos. Mas hoje a gente est\u00e1 em um mundo mais complicado, com guerras. Vai ter elei\u00e7\u00e3o nos EUA, que vai redesenhar esse cen\u00e1rio. A gente precisa esperar para ver o que vai acontecer. Mas acho que a grande ideia \u00e9 essa: trazer mais recursos, justamente se a gente conseguir demonstrar esse diferencial.<\/p>\n\n\n\n<p><strong>Qual \u00e9 esse diferencial?<\/strong><\/p>\n\n\n\n<p>A gente tem atividades e uma matriz energ\u00e9tica mais limpa. Pa\u00edses que t\u00eam dificuldade para lidar com as quest\u00f5es do clima podem olhar para o Brasil como um apoio. Ter projetos de carbono, por exemplo. A gente tem esse diferencial n\u00e3o s\u00f3 em rela\u00e7\u00e3o \u00e0 energia mais limpa, mas a ter as florestas. A quest\u00e3o da biodiversidade \u00e9 outro tema bastante discutido. Os setores precisam conseguir mostrar esse diferencial competitivo em rela\u00e7\u00e3o \u00e0 sustentabilidade.<\/p>\n\n\n\n<p><strong>A sra. afirmou que a elei\u00e7\u00e3o americana pode redesenhar o cen\u00e1rio. Voc\u00eas consideram a possibilidade de haver uma guinada completa na pol\u00edtica clim\u00e1tica e ambiental do Pa\u00eds, com impactos no setor energ\u00e9tico?<\/strong><\/p>\n\n\n\n<p>Talvez n\u00e3o haja uma guinada absurda (se Trump vencer a elei\u00e7\u00e3o). Quando ele foi eleito no passado, teve um posicionamento muito firme de que os EUA n\u00e3o faziam mais parte do Acordo de Paris. S\u00f3 que essa n\u00e3o \u00e9 uma decis\u00e3o simples. Tanto \u00e9 que eles n\u00e3o sa\u00edram do acordo. Acho que tem algumas quest\u00f5es que n\u00e3o v\u00e3o mudar tragicamente. Muda o posicionamento e o apoio a alguns setores espec\u00edficos. Ainda assim, o mercado americano \u00e9 mais complexo. Diferentemente do europeu, houve ali uma rejei\u00e7\u00e3o ao tema ESG. Teve muitos gestores de fundos que tiveram que voltar atr\u00e1s no seu posicionamento, porque houve press\u00e3o de alguns estados mais conservadores, que s\u00e3o dependentes do setor de \u00f3leo e g\u00e1s. A discuss\u00e3o tomou um vi\u00e9s de polariza\u00e7\u00e3o. Tem uma ala que \u00e9 contra, que acha que esse tipo de quest\u00e3o n\u00e3o \u00e9 importante. Mas o mercado americano tamb\u00e9m \u00e9 mais pragm\u00e1tico. Tem setores que v\u00e3o ganhar dinheiro com isso e que v\u00e3o ter um posicionamento diferente, porque sustentabilidade n\u00e3o \u00e9 ser bonzinho. \u00c9 um posicionamento de neg\u00f3cio, de alinhar a estrat\u00e9gia para enfrentar os desafios. Algumas companhias americanas entendem e enxergam como uma oportunidade de neg\u00f3cio ou como uma gest\u00e3o de riscos. Mas obviamente a elei\u00e7\u00e3o deve impactar, porque pode mudar o posicionamento do governo em rela\u00e7\u00e3o \u00e0s regras. O mercado, pelo pragmatismo, n\u00e3o vai deixar de existir, mas pode ter um crescimento menor.<\/p>\n\n\n\n<p><a href=\"https:\/\/www.estadao.com.br\/economia\/entrevista-luzia-hirata-santander-dados-sustentabilidade-nota-empresas-brasil\">https:\/\/www.estadao.com.br\/economia\/entrevista-luzia-hirata-santander-dados-sustentabilidade-nota-empresas-brasil<\/a><\/p>\n\n\n<div class=\"wp-block-image\">\n<figure class=\"aligncenter size-large\"><img fetchpriority=\"high\" decoding=\"async\" width=\"683\" height=\"1024\" src=\"https:\/\/summits.estadao.com.br\/esg\/wp-content\/uploads\/2024\/09\/image-3-683x1024.jpeg\" alt=\"\" class=\"wp-image-4581\" srcset=\"https:\/\/summits.estadao.com.br\/esg\/wp-content\/uploads\/2024\/09\/image-3-683x1024.jpeg 683w, https:\/\/summits.estadao.com.br\/esg\/wp-content\/uploads\/2024\/09\/image-3-200x300.jpeg 200w, https:\/\/summits.estadao.com.br\/esg\/wp-content\/uploads\/2024\/09\/image-3-768x1152.jpeg 768w, https:\/\/summits.estadao.com.br\/esg\/wp-content\/uploads\/2024\/09\/image-3-1024x1536.jpeg 1024w, https:\/\/summits.estadao.com.br\/esg\/wp-content\/uploads\/2024\/09\/image-3.jpeg 1067w\" sizes=\"(max-width: 683px) 100vw, 683px\" \/><\/figure>\n<\/div>\n\n\n<p><em>Foto: Leo Martins\/Estad\u00e3o<\/em><\/p>\n","protected":false},"excerpt":{"rendered":"<p>Respons\u00e1vel por selecionar ativos ESG na Santander Asset Management, Luzia Hirata afirma que COP-30 pode ajudar Brasil a atrair recursos Por Luciana Dyniewicz &#8211; editada por Mariana Collini em 08\/09\/2024 A falta de transpar\u00eancia na divulga\u00e7\u00e3o de informa\u00e7\u00f5es sobre responsabilidade ambiental dificulta a an\u00e1lise de empresas brasileiras feita por gestores que escolhem ativos para receber [&hellip;]<\/p>\n","protected":false},"author":2,"featured_media":4581,"comment_status":"open","ping_status":"closed","sticky":false,"template":"","format":"standard","meta":{"footnotes":""},"categories":[163],"tags":[],"class_list":["post-4580","post","type-post","status-publish","format-standard","has-post-thumbnail","hentry","category-gestao"],"yoast_head":"<!-- This site is optimized with the Yoast SEO plugin v22.8 - https:\/\/yoast.com\/wordpress\/plugins\/seo\/ -->\n<title>&#039;Empresas est\u00e3o se expondo mais, porque investidores e sociedade t\u00eam questionado o comportamento das companhias&#039;, diz executiva do Santander - Estad\u00e3o Summit ESG 2025 | 21 de agosto<\/title>\n<meta name=\"robots\" content=\"index, follow, max-snippet:-1, max-image-preview:large, max-video-preview:-1\" \/>\n<link rel=\"canonical\" href=\"https:\/\/summits.estadao.com.br\/esg\/2024\/09\/08\/empresas-estao-se-expondo-mais-porque-investidores-e-sociedade-tem-questionado-o-comportamento-das-companhias-diz-executiva-do-santander\/\" \/>\n<meta property=\"og:locale\" content=\"pt_BR\" \/>\n<meta property=\"og:type\" content=\"article\" \/>\n<meta property=\"og:title\" content=\"&#039;Empresas est\u00e3o se expondo mais, porque investidores e sociedade t\u00eam questionado o comportamento das companhias&#039;, diz executiva do Santander - Estad\u00e3o Summit ESG 2025 | 21 de agosto\" \/>\n<meta property=\"og:description\" content=\"Respons\u00e1vel por selecionar ativos ESG na Santander Asset Management, Luzia Hirata afirma que COP-30 pode ajudar Brasil a atrair recursos Por Luciana Dyniewicz &#8211; editada por Mariana Collini em 08\/09\/2024 A falta de transpar\u00eancia na divulga\u00e7\u00e3o de informa\u00e7\u00f5es sobre responsabilidade ambiental dificulta a an\u00e1lise de empresas brasileiras feita por gestores que escolhem ativos para receber [&hellip;]\" \/>\n<meta property=\"og:url\" content=\"https:\/\/summits.estadao.com.br\/esg\/2024\/09\/08\/empresas-estao-se-expondo-mais-porque-investidores-e-sociedade-tem-questionado-o-comportamento-das-companhias-diz-executiva-do-santander\/\" \/>\n<meta property=\"og:site_name\" content=\"Estad\u00e3o Summit ESG 2025 | 21 de agosto\" \/>\n<meta property=\"article:published_time\" content=\"2024-09-08T12:29:49+00:00\" \/>\n<meta property=\"article:modified_time\" content=\"2024-09-23T01:00:03+00:00\" \/>\n<meta property=\"og:image\" content=\"https:\/\/summits.estadao.com.br\/esg\/wp-content\/uploads\/2024\/09\/image-3.jpeg\" \/>\n\t<meta property=\"og:image:width\" content=\"1067\" \/>\n\t<meta property=\"og:image:height\" content=\"1600\" \/>\n\t<meta property=\"og:image:type\" content=\"image\/jpeg\" \/>\n<meta name=\"author\" content=\"Camila Romualdo\" \/>\n<meta name=\"twitter:card\" content=\"summary_large_image\" \/>\n<meta name=\"twitter:label1\" content=\"Escrito por\" \/>\n\t<meta name=\"twitter:data1\" content=\"Camila Romualdo\" \/>\n\t<meta name=\"twitter:label2\" content=\"Est. tempo de leitura\" \/>\n\t<meta name=\"twitter:data2\" content=\"9 minutos\" \/>\n<script type=\"application\/ld+json\" class=\"yoast-schema-graph\">{\"@context\":\"https:\/\/schema.org\",\"@graph\":[{\"@type\":\"Article\",\"@id\":\"https:\/\/summits.estadao.com.br\/esg\/2024\/09\/08\/empresas-estao-se-expondo-mais-porque-investidores-e-sociedade-tem-questionado-o-comportamento-das-companhias-diz-executiva-do-santander\/#article\",\"isPartOf\":{\"@id\":\"https:\/\/summits.estadao.com.br\/esg\/2024\/09\/08\/empresas-estao-se-expondo-mais-porque-investidores-e-sociedade-tem-questionado-o-comportamento-das-companhias-diz-executiva-do-santander\/\"},\"author\":{\"name\":\"Camila Romualdo\",\"@id\":\"https:\/\/summits.estadao.com.br\/esg\/#\/schema\/person\/568157f07989479cad1a0a49846b6e77\"},\"headline\":\"&#8216;Empresas est\u00e3o se expondo mais, porque investidores e sociedade t\u00eam questionado o comportamento das companhias&#8217;, diz executiva do Santander\",\"datePublished\":\"2024-09-08T12:29:49+00:00\",\"dateModified\":\"2024-09-23T01:00:03+00:00\",\"mainEntityOfPage\":{\"@id\":\"https:\/\/summits.estadao.com.br\/esg\/2024\/09\/08\/empresas-estao-se-expondo-mais-porque-investidores-e-sociedade-tem-questionado-o-comportamento-das-companhias-diz-executiva-do-santander\/\"},\"wordCount\":1722,\"commentCount\":0,\"publisher\":{\"@id\":\"https:\/\/summits.estadao.com.br\/esg\/#organization\"},\"image\":{\"@id\":\"https:\/\/summits.estadao.com.br\/esg\/2024\/09\/08\/empresas-estao-se-expondo-mais-porque-investidores-e-sociedade-tem-questionado-o-comportamento-das-companhias-diz-executiva-do-santander\/#primaryimage\"},\"thumbnailUrl\":\"https:\/\/summits.estadao.com.br\/esg\/wp-content\/uploads\/2024\/09\/image-3.jpeg\",\"articleSection\":[\"Gest\u00e3o\"],\"inLanguage\":\"pt-BR\",\"potentialAction\":[{\"@type\":\"CommentAction\",\"name\":\"Comment\",\"target\":[\"https:\/\/summits.estadao.com.br\/esg\/2024\/09\/08\/empresas-estao-se-expondo-mais-porque-investidores-e-sociedade-tem-questionado-o-comportamento-das-companhias-diz-executiva-do-santander\/#respond\"]}]},{\"@type\":\"WebPage\",\"@id\":\"https:\/\/summits.estadao.com.br\/esg\/2024\/09\/08\/empresas-estao-se-expondo-mais-porque-investidores-e-sociedade-tem-questionado-o-comportamento-das-companhias-diz-executiva-do-santander\/\",\"url\":\"https:\/\/summits.estadao.com.br\/esg\/2024\/09\/08\/empresas-estao-se-expondo-mais-porque-investidores-e-sociedade-tem-questionado-o-comportamento-das-companhias-diz-executiva-do-santander\/\",\"name\":\"'Empresas est\u00e3o se expondo mais, porque investidores e sociedade t\u00eam questionado o comportamento das companhias', diz executiva do Santander - Estad\u00e3o Summit ESG 2025 | 21 de agosto\",\"isPartOf\":{\"@id\":\"https:\/\/summits.estadao.com.br\/esg\/#website\"},\"primaryImageOfPage\":{\"@id\":\"https:\/\/summits.estadao.com.br\/esg\/2024\/09\/08\/empresas-estao-se-expondo-mais-porque-investidores-e-sociedade-tem-questionado-o-comportamento-das-companhias-diz-executiva-do-santander\/#primaryimage\"},\"image\":{\"@id\":\"https:\/\/summits.estadao.com.br\/esg\/2024\/09\/08\/empresas-estao-se-expondo-mais-porque-investidores-e-sociedade-tem-questionado-o-comportamento-das-companhias-diz-executiva-do-santander\/#primaryimage\"},\"thumbnailUrl\":\"https:\/\/summits.estadao.com.br\/esg\/wp-content\/uploads\/2024\/09\/image-3.jpeg\",\"datePublished\":\"2024-09-08T12:29:49+00:00\",\"dateModified\":\"2024-09-23T01:00:03+00:00\",\"breadcrumb\":{\"@id\":\"https:\/\/summits.estadao.com.br\/esg\/2024\/09\/08\/empresas-estao-se-expondo-mais-porque-investidores-e-sociedade-tem-questionado-o-comportamento-das-companhias-diz-executiva-do-santander\/#breadcrumb\"},\"inLanguage\":\"pt-BR\",\"potentialAction\":[{\"@type\":\"ReadAction\",\"target\":[\"https:\/\/summits.estadao.com.br\/esg\/2024\/09\/08\/empresas-estao-se-expondo-mais-porque-investidores-e-sociedade-tem-questionado-o-comportamento-das-companhias-diz-executiva-do-santander\/\"]}]},{\"@type\":\"ImageObject\",\"inLanguage\":\"pt-BR\",\"@id\":\"https:\/\/summits.estadao.com.br\/esg\/2024\/09\/08\/empresas-estao-se-expondo-mais-porque-investidores-e-sociedade-tem-questionado-o-comportamento-das-companhias-diz-executiva-do-santander\/#primaryimage\",\"url\":\"https:\/\/summits.estadao.com.br\/esg\/wp-content\/uploads\/2024\/09\/image-3.jpeg\",\"contentUrl\":\"https:\/\/summits.estadao.com.br\/esg\/wp-content\/uploads\/2024\/09\/image-3.jpeg\",\"width\":1067,\"height\":1600},{\"@type\":\"BreadcrumbList\",\"@id\":\"https:\/\/summits.estadao.com.br\/esg\/2024\/09\/08\/empresas-estao-se-expondo-mais-porque-investidores-e-sociedade-tem-questionado-o-comportamento-das-companhias-diz-executiva-do-santander\/#breadcrumb\",\"itemListElement\":[{\"@type\":\"ListItem\",\"position\":1,\"name\":\"In\u00edcio\",\"item\":\"https:\/\/summits.estadao.com.br\/esg\/\"},{\"@type\":\"ListItem\",\"position\":2,\"name\":\"&#8216;Empresas est\u00e3o se expondo mais, porque investidores e sociedade t\u00eam questionado o comportamento das companhias&#8217;, diz executiva do Santander\"}]},{\"@type\":\"WebSite\",\"@id\":\"https:\/\/summits.estadao.com.br\/esg\/#website\",\"url\":\"https:\/\/summits.estadao.com.br\/esg\/\",\"name\":\"Summit ESG 2024\",\"description\":\"EMPRESAS E SOCIEDADE PELA AGENDA 2030 A chave para um futuro mais sustent\u00e1vel e equitativo\",\"publisher\":{\"@id\":\"https:\/\/summits.estadao.com.br\/esg\/#organization\"},\"potentialAction\":[{\"@type\":\"SearchAction\",\"target\":{\"@type\":\"EntryPoint\",\"urlTemplate\":\"https:\/\/summits.estadao.com.br\/esg\/?s={search_term_string}\"},\"query-input\":\"required name=search_term_string\"}],\"inLanguage\":\"pt-BR\"},{\"@type\":\"Organization\",\"@id\":\"https:\/\/summits.estadao.com.br\/esg\/#organization\",\"name\":\"Summit ESG 2024\",\"url\":\"https:\/\/summits.estadao.com.br\/esg\/\",\"logo\":{\"@type\":\"ImageObject\",\"inLanguage\":\"pt-BR\",\"@id\":\"https:\/\/summits.estadao.com.br\/esg\/#\/schema\/logo\/image\/\",\"url\":\"https:\/\/summits.estadao.com.br\/esg\/wp-content\/uploads\/2024\/05\/Logo-SUMMIT-ESG-Sem-fundo-1.png\",\"contentUrl\":\"https:\/\/summits.estadao.com.br\/esg\/wp-content\/uploads\/2024\/05\/Logo-SUMMIT-ESG-Sem-fundo-1.png\",\"width\":300,\"height\":145,\"caption\":\"Summit ESG 2024\"},\"image\":{\"@id\":\"https:\/\/summits.estadao.com.br\/esg\/#\/schema\/logo\/image\/\"}},{\"@type\":\"Person\",\"@id\":\"https:\/\/summits.estadao.com.br\/esg\/#\/schema\/person\/568157f07989479cad1a0a49846b6e77\",\"name\":\"Camila Romualdo\",\"image\":{\"@type\":\"ImageObject\",\"inLanguage\":\"pt-BR\",\"@id\":\"https:\/\/summits.estadao.com.br\/esg\/#\/schema\/person\/image\/\",\"url\":\"https:\/\/secure.gravatar.com\/avatar\/fcb7001ee37636ed4503a64da8fddbab1b5d3d29368720eceaaaa7aac648b2ce?s=96&d=mm&r=g\",\"contentUrl\":\"https:\/\/secure.gravatar.com\/avatar\/fcb7001ee37636ed4503a64da8fddbab1b5d3d29368720eceaaaa7aac648b2ce?s=96&d=mm&r=g\",\"caption\":\"Camila Romualdo\"},\"sameAs\":[\"https:\/\/estadao.com.br\"],\"url\":\"https:\/\/summits.estadao.com.br\/esg\/author\/estadao_summitesg\/\"}]}<\/script>\n<!-- \/ Yoast SEO plugin. -->","yoast_head_json":{"title":"'Empresas est\u00e3o se expondo mais, porque investidores e sociedade t\u00eam questionado o comportamento das companhias', diz executiva do Santander - Estad\u00e3o Summit ESG 2025 | 21 de agosto","robots":{"index":"index","follow":"follow","max-snippet":"max-snippet:-1","max-image-preview":"max-image-preview:large","max-video-preview":"max-video-preview:-1"},"canonical":"https:\/\/summits.estadao.com.br\/esg\/2024\/09\/08\/empresas-estao-se-expondo-mais-porque-investidores-e-sociedade-tem-questionado-o-comportamento-das-companhias-diz-executiva-do-santander\/","og_locale":"pt_BR","og_type":"article","og_title":"'Empresas est\u00e3o se expondo mais, porque investidores e sociedade t\u00eam questionado o comportamento das companhias', diz executiva do Santander - Estad\u00e3o Summit ESG 2025 | 21 de agosto","og_description":"Respons\u00e1vel por selecionar ativos ESG na Santander Asset Management, Luzia Hirata afirma que COP-30 pode ajudar Brasil a atrair recursos Por Luciana Dyniewicz &#8211; editada por Mariana Collini em 08\/09\/2024 A falta de transpar\u00eancia na divulga\u00e7\u00e3o de informa\u00e7\u00f5es sobre responsabilidade ambiental dificulta a an\u00e1lise de empresas brasileiras feita por gestores que escolhem ativos para receber [&hellip;]","og_url":"https:\/\/summits.estadao.com.br\/esg\/2024\/09\/08\/empresas-estao-se-expondo-mais-porque-investidores-e-sociedade-tem-questionado-o-comportamento-das-companhias-diz-executiva-do-santander\/","og_site_name":"Estad\u00e3o Summit ESG 2025 | 21 de agosto","article_published_time":"2024-09-08T12:29:49+00:00","article_modified_time":"2024-09-23T01:00:03+00:00","og_image":[{"width":1067,"height":1600,"url":"https:\/\/summits.estadao.com.br\/esg\/wp-content\/uploads\/2024\/09\/image-3.jpeg","type":"image\/jpeg"}],"author":"Camila Romualdo","twitter_card":"summary_large_image","twitter_misc":{"Escrito por":"Camila Romualdo","Est. tempo de leitura":"9 minutos"},"schema":{"@context":"https:\/\/schema.org","@graph":[{"@type":"Article","@id":"https:\/\/summits.estadao.com.br\/esg\/2024\/09\/08\/empresas-estao-se-expondo-mais-porque-investidores-e-sociedade-tem-questionado-o-comportamento-das-companhias-diz-executiva-do-santander\/#article","isPartOf":{"@id":"https:\/\/summits.estadao.com.br\/esg\/2024\/09\/08\/empresas-estao-se-expondo-mais-porque-investidores-e-sociedade-tem-questionado-o-comportamento-das-companhias-diz-executiva-do-santander\/"},"author":{"name":"Camila Romualdo","@id":"https:\/\/summits.estadao.com.br\/esg\/#\/schema\/person\/568157f07989479cad1a0a49846b6e77"},"headline":"&#8216;Empresas est\u00e3o se expondo mais, porque investidores e sociedade t\u00eam questionado o comportamento das companhias&#8217;, diz executiva do Santander","datePublished":"2024-09-08T12:29:49+00:00","dateModified":"2024-09-23T01:00:03+00:00","mainEntityOfPage":{"@id":"https:\/\/summits.estadao.com.br\/esg\/2024\/09\/08\/empresas-estao-se-expondo-mais-porque-investidores-e-sociedade-tem-questionado-o-comportamento-das-companhias-diz-executiva-do-santander\/"},"wordCount":1722,"commentCount":0,"publisher":{"@id":"https:\/\/summits.estadao.com.br\/esg\/#organization"},"image":{"@id":"https:\/\/summits.estadao.com.br\/esg\/2024\/09\/08\/empresas-estao-se-expondo-mais-porque-investidores-e-sociedade-tem-questionado-o-comportamento-das-companhias-diz-executiva-do-santander\/#primaryimage"},"thumbnailUrl":"https:\/\/summits.estadao.com.br\/esg\/wp-content\/uploads\/2024\/09\/image-3.jpeg","articleSection":["Gest\u00e3o"],"inLanguage":"pt-BR","potentialAction":[{"@type":"CommentAction","name":"Comment","target":["https:\/\/summits.estadao.com.br\/esg\/2024\/09\/08\/empresas-estao-se-expondo-mais-porque-investidores-e-sociedade-tem-questionado-o-comportamento-das-companhias-diz-executiva-do-santander\/#respond"]}]},{"@type":"WebPage","@id":"https:\/\/summits.estadao.com.br\/esg\/2024\/09\/08\/empresas-estao-se-expondo-mais-porque-investidores-e-sociedade-tem-questionado-o-comportamento-das-companhias-diz-executiva-do-santander\/","url":"https:\/\/summits.estadao.com.br\/esg\/2024\/09\/08\/empresas-estao-se-expondo-mais-porque-investidores-e-sociedade-tem-questionado-o-comportamento-das-companhias-diz-executiva-do-santander\/","name":"'Empresas est\u00e3o se expondo mais, porque investidores e sociedade t\u00eam questionado o comportamento das companhias', diz executiva do Santander - Estad\u00e3o Summit ESG 2025 | 21 de agosto","isPartOf":{"@id":"https:\/\/summits.estadao.com.br\/esg\/#website"},"primaryImageOfPage":{"@id":"https:\/\/summits.estadao.com.br\/esg\/2024\/09\/08\/empresas-estao-se-expondo-mais-porque-investidores-e-sociedade-tem-questionado-o-comportamento-das-companhias-diz-executiva-do-santander\/#primaryimage"},"image":{"@id":"https:\/\/summits.estadao.com.br\/esg\/2024\/09\/08\/empresas-estao-se-expondo-mais-porque-investidores-e-sociedade-tem-questionado-o-comportamento-das-companhias-diz-executiva-do-santander\/#primaryimage"},"thumbnailUrl":"https:\/\/summits.estadao.com.br\/esg\/wp-content\/uploads\/2024\/09\/image-3.jpeg","datePublished":"2024-09-08T12:29:49+00:00","dateModified":"2024-09-23T01:00:03+00:00","breadcrumb":{"@id":"https:\/\/summits.estadao.com.br\/esg\/2024\/09\/08\/empresas-estao-se-expondo-mais-porque-investidores-e-sociedade-tem-questionado-o-comportamento-das-companhias-diz-executiva-do-santander\/#breadcrumb"},"inLanguage":"pt-BR","potentialAction":[{"@type":"ReadAction","target":["https:\/\/summits.estadao.com.br\/esg\/2024\/09\/08\/empresas-estao-se-expondo-mais-porque-investidores-e-sociedade-tem-questionado-o-comportamento-das-companhias-diz-executiva-do-santander\/"]}]},{"@type":"ImageObject","inLanguage":"pt-BR","@id":"https:\/\/summits.estadao.com.br\/esg\/2024\/09\/08\/empresas-estao-se-expondo-mais-porque-investidores-e-sociedade-tem-questionado-o-comportamento-das-companhias-diz-executiva-do-santander\/#primaryimage","url":"https:\/\/summits.estadao.com.br\/esg\/wp-content\/uploads\/2024\/09\/image-3.jpeg","contentUrl":"https:\/\/summits.estadao.com.br\/esg\/wp-content\/uploads\/2024\/09\/image-3.jpeg","width":1067,"height":1600},{"@type":"BreadcrumbList","@id":"https:\/\/summits.estadao.com.br\/esg\/2024\/09\/08\/empresas-estao-se-expondo-mais-porque-investidores-e-sociedade-tem-questionado-o-comportamento-das-companhias-diz-executiva-do-santander\/#breadcrumb","itemListElement":[{"@type":"ListItem","position":1,"name":"In\u00edcio","item":"https:\/\/summits.estadao.com.br\/esg\/"},{"@type":"ListItem","position":2,"name":"&#8216;Empresas est\u00e3o se expondo mais, porque investidores e sociedade t\u00eam questionado o comportamento das companhias&#8217;, diz executiva do Santander"}]},{"@type":"WebSite","@id":"https:\/\/summits.estadao.com.br\/esg\/#website","url":"https:\/\/summits.estadao.com.br\/esg\/","name":"Summit ESG 2024","description":"EMPRESAS E SOCIEDADE PELA AGENDA 2030 A chave para um futuro mais sustent\u00e1vel e equitativo","publisher":{"@id":"https:\/\/summits.estadao.com.br\/esg\/#organization"},"potentialAction":[{"@type":"SearchAction","target":{"@type":"EntryPoint","urlTemplate":"https:\/\/summits.estadao.com.br\/esg\/?s={search_term_string}"},"query-input":"required name=search_term_string"}],"inLanguage":"pt-BR"},{"@type":"Organization","@id":"https:\/\/summits.estadao.com.br\/esg\/#organization","name":"Summit ESG 2024","url":"https:\/\/summits.estadao.com.br\/esg\/","logo":{"@type":"ImageObject","inLanguage":"pt-BR","@id":"https:\/\/summits.estadao.com.br\/esg\/#\/schema\/logo\/image\/","url":"https:\/\/summits.estadao.com.br\/esg\/wp-content\/uploads\/2024\/05\/Logo-SUMMIT-ESG-Sem-fundo-1.png","contentUrl":"https:\/\/summits.estadao.com.br\/esg\/wp-content\/uploads\/2024\/05\/Logo-SUMMIT-ESG-Sem-fundo-1.png","width":300,"height":145,"caption":"Summit ESG 2024"},"image":{"@id":"https:\/\/summits.estadao.com.br\/esg\/#\/schema\/logo\/image\/"}},{"@type":"Person","@id":"https:\/\/summits.estadao.com.br\/esg\/#\/schema\/person\/568157f07989479cad1a0a49846b6e77","name":"Camila Romualdo","image":{"@type":"ImageObject","inLanguage":"pt-BR","@id":"https:\/\/summits.estadao.com.br\/esg\/#\/schema\/person\/image\/","url":"https:\/\/secure.gravatar.com\/avatar\/fcb7001ee37636ed4503a64da8fddbab1b5d3d29368720eceaaaa7aac648b2ce?s=96&d=mm&r=g","contentUrl":"https:\/\/secure.gravatar.com\/avatar\/fcb7001ee37636ed4503a64da8fddbab1b5d3d29368720eceaaaa7aac648b2ce?s=96&d=mm&r=g","caption":"Camila Romualdo"},"sameAs":["https:\/\/estadao.com.br"],"url":"https:\/\/summits.estadao.com.br\/esg\/author\/estadao_summitesg\/"}]}},"_links":{"self":[{"href":"https:\/\/summits.estadao.com.br\/esg\/wp-json\/wp\/v2\/posts\/4580","targetHints":{"allow":["GET"]}}],"collection":[{"href":"https:\/\/summits.estadao.com.br\/esg\/wp-json\/wp\/v2\/posts"}],"about":[{"href":"https:\/\/summits.estadao.com.br\/esg\/wp-json\/wp\/v2\/types\/post"}],"author":[{"embeddable":true,"href":"https:\/\/summits.estadao.com.br\/esg\/wp-json\/wp\/v2\/users\/2"}],"replies":[{"embeddable":true,"href":"https:\/\/summits.estadao.com.br\/esg\/wp-json\/wp\/v2\/comments?post=4580"}],"version-history":[{"count":1,"href":"https:\/\/summits.estadao.com.br\/esg\/wp-json\/wp\/v2\/posts\/4580\/revisions"}],"predecessor-version":[{"id":4582,"href":"https:\/\/summits.estadao.com.br\/esg\/wp-json\/wp\/v2\/posts\/4580\/revisions\/4582"}],"wp:featuredmedia":[{"embeddable":true,"href":"https:\/\/summits.estadao.com.br\/esg\/wp-json\/wp\/v2\/media\/4581"}],"wp:attachment":[{"href":"https:\/\/summits.estadao.com.br\/esg\/wp-json\/wp\/v2\/media?parent=4580"}],"wp:term":[{"taxonomy":"category","embeddable":true,"href":"https:\/\/summits.estadao.com.br\/esg\/wp-json\/wp\/v2\/categories?post=4580"},{"taxonomy":"post_tag","embeddable":true,"href":"https:\/\/summits.estadao.com.br\/esg\/wp-json\/wp\/v2\/tags?post=4580"}],"curies":[{"name":"wp","href":"https:\/\/api.w.org\/{rel}","templated":true}]}}