{"id":5021,"date":"2024-11-02T18:06:43","date_gmt":"2024-11-02T21:06:43","guid":{"rendered":"https:\/\/summits.estadao.com.br\/esg\/?p=5021"},"modified":"2024-11-08T18:08:19","modified_gmt":"2024-11-08T21:08:19","slug":"pesquisa-indica-que-marcas-que-ignoram-praticas-esg-enfrentam-rejeicao-dos-consumidores-brasileiros","status":"publish","type":"post","link":"https:\/\/summits.estadao.com.br\/esg\/2024\/11\/02\/pesquisa-indica-que-marcas-que-ignoram-praticas-esg-enfrentam-rejeicao-dos-consumidores-brasileiros\/","title":{"rendered":"Pesquisa indica que marcas que ignoram pr\u00e1ticas ESG enfrentam rejei\u00e7\u00e3o dos consumidores brasileiros"},"content":{"rendered":"\n<p><strong>Estudo da Nexus mostra que o conceito virou uma precondi\u00e7\u00e3o para um produto ou servi\u00e7o n\u00e3o ser mal avaliado, mas o que vai fazer a diferen\u00e7a para uma percep\u00e7\u00e3o positiva \u00e9 a sua qualidade<\/strong><\/p>\n\n\n\n<p><em>Por Carlos Eduardo Valim &#8211; editada por Mariana Collini em 02\/11\/2024\u00a0<\/em><\/p>\n\n\n\n<p>O consumidor brasileiro considera a qualidade o principal atributo para avaliar bem uma marca, mas o que mais prejudica a sua percep\u00e7\u00e3o de uma empresa ou produto est\u00e1 relacionado ao fato de n\u00e3o seguirem os preceitos ESG (sigla em ingl\u00eas para as quest\u00f5es ambientais, sociais e de governan\u00e7a). Em uma pesquisa com 2.006 brasileiros com idade a partir de 16 anos e de todas as unidades da federa\u00e7\u00e3o, 29% dos consumidores citaram a qualidade do produto ou servi\u00e7o como principal atributo de uma marca, e 26% escolheram o impacto positivo na economia brasileira. O conceito de ESG apareceu em terceiro lugar, com 19% das men\u00e7\u00f5es.<\/p>\n\n\n\n<p>Quando a pergunta era a inversa, para avaliar o que influencia para que uma empresa seja vista de forma negativa, o conceito de ESG pulava para a primeira posi\u00e7\u00e3o, com 26% das men\u00e7\u00f5es.<\/p>\n\n\n\n<p>O estudo foi realizado pela Nexus &#8211; Pesquisa e Intelig\u00eancia de Dados, ligado ao grupo de comunica\u00e7\u00e3o FSB Holding. O estudo ser\u00e1 divulgado durante o Repcom, evento sobre reputa\u00e7\u00e3o de marcas que ser\u00e1 realizado em S\u00e3o Paulo nesta quinta-feira, 31.<\/p>\n\n\n\n<p>\u201cCom o ESG aparecendo em terceiro como principal motivo para se enxergar uma marca positivamente, poderia se pensar que esse assunto n\u00e3o importa. Na minha vis\u00e3o, o consumidor j\u00e1 est\u00e1 um passo al\u00e9m disso. Tanto o ESG importa como \u00e9 o mais citado como o que mais machuca uma marca\u201d, diz o CEO da Nexus, Marcelo Tokarski. \u201cO consumidor est\u00e1 dando o recado de que ESG \u00e9 uma condi\u00e7\u00e3o m\u00ednima. A empresa tem de estar preocupada com seguir esses preceitos, tem de ser correta e respeitar as leis, mas isso n\u00e3o vai garantir que ela seja bem avaliada.\u201d<\/p>\n\n\n\n<p>Dentro do conceito ESG, citado por 26% como o que mais traz reputa\u00e7\u00e3o negativa da marca, o ponto principal dessa escolha ficou com a governan\u00e7a, mencionada por 13% dos entrevistados, seguida por 8% para quest\u00f5es sociais e 5% para aspectos ambientais.<\/p>\n\n\n\n<p>\u201cA governan\u00e7a tem rela\u00e7\u00e3o com n\u00e3o se envolver em casos de corrup\u00e7\u00e3o. Esse tema aparece forte agora. Se fiz\u00e9ssemos essa pesquisa h\u00e1 mais de 10 anos, provavelmente governan\u00e7a n\u00e3o iria aparecer com tanto destaque\u201d, diz Tokarski. \u201cMas veio a Opera\u00e7\u00e3o Lava Jato e agora est\u00e1 precificado para o consumidor que responsabilidade nessa quest\u00e3o \u00e9 condi\u00e7\u00e3o sine qua non.\u201d<\/p>\n\n\n\n<p><strong>Fontes de informa\u00e7\u00e3o<\/strong><\/p>\n\n\n\n<p>O estudo da Nexus envolveu tamb\u00e9m saber o que mais influencia o brasileiro a formar opini\u00e3o sobre uma marca. Nos primeiros lugares na pesquisa ficaram integrantes do ciclo mais pr\u00f3ximo de conv\u00edvio. Em uma escala de zero a cinco, a fam\u00edlia aparece em primeiro lugar, com nota m\u00e9dia 4, seguida por professores ou estudos, amigos, igreja, imprensa, redes sociais, pol\u00edticos ou governo e influenciadores, nessa ordem.<\/p>\n\n\n\n<p>Os meios de comunica\u00e7\u00e3o tradicionais ainda lideraram quando foi avaliado o grau de confian\u00e7a em informa\u00e7\u00f5es sobre empresas publicadas em diferentes meios, registrando um resultado bastante superior em rela\u00e7\u00e3o a conte\u00fado online de outras fontes. As not\u00edcias de jornais apareceram como de alta confian\u00e7a para 27% dos entrevistados, e de m\u00e9dia confian\u00e7a para 34%.<\/p>\n\n\n\n<p>Logo depois, vieram not\u00edcias da televis\u00e3o (com 24% de alta confian\u00e7a) e no r\u00e1dio (22%). Os resultados para meios online ficaram abaixo. Apenas 19% consideram de alta confian\u00e7a o que vem de grupos de WhatsApp com pessoas conhecidas, e 9% confiam nas informa\u00e7\u00f5es de publica\u00e7\u00f5es de pessoas comuns nas redes sociais, o mesmo n\u00famero para not\u00edcias em sites. E somente 5% consideram muito confi\u00e1veis os influenciadores nas redes sociais.<\/p>\n\n\n\n<p><a href=\"https:\/\/www.estadao.com.br\/economia\/negocios\/marcas-reputacao-esg\">https:\/\/www.estadao.com.br\/economia\/negocios\/marcas-reputacao-esg<\/a><\/p>\n\n\n<div class=\"wp-block-image\">\n<figure class=\"aligncenter size-large\"><img fetchpriority=\"high\" decoding=\"async\" width=\"1024\" height=\"649\" src=\"https:\/\/summits.estadao.com.br\/esg\/wp-content\/uploads\/2024\/11\/image-4-1024x649.jpeg\" alt=\"\" class=\"wp-image-5022\" srcset=\"https:\/\/summits.estadao.com.br\/esg\/wp-content\/uploads\/2024\/11\/image-4-1024x649.jpeg 1024w, https:\/\/summits.estadao.com.br\/esg\/wp-content\/uploads\/2024\/11\/image-4-300x190.jpeg 300w, https:\/\/summits.estadao.com.br\/esg\/wp-content\/uploads\/2024\/11\/image-4-768x486.jpeg 768w, https:\/\/summits.estadao.com.br\/esg\/wp-content\/uploads\/2024\/11\/image-4.jpeg 1200w\" sizes=\"(max-width: 1024px) 100vw, 1024px\" \/><\/figure>\n<\/div>\n\n\n<p><em>Foto: H\u00e9lvio Romero\/Estadao<\/em><\/p>\n","protected":false},"excerpt":{"rendered":"<p>Estudo da Nexus mostra que o conceito virou uma precondi\u00e7\u00e3o para um produto ou servi\u00e7o n\u00e3o ser mal avaliado, mas o que vai fazer a diferen\u00e7a para uma percep\u00e7\u00e3o positiva \u00e9 a sua qualidade Por Carlos Eduardo Valim &#8211; editada por Mariana Collini em 02\/11\/2024\u00a0 O consumidor brasileiro considera a qualidade o principal atributo para [&hellip;]<\/p>\n","protected":false},"author":2,"featured_media":5022,"comment_status":"open","ping_status":"closed","sticky":false,"template":"","format":"standard","meta":{"footnotes":""},"categories":[159],"tags":[],"class_list":["post-5021","post","type-post","status-publish","format-standard","has-post-thumbnail","hentry","category-economia-verde"],"yoast_head":"<!-- This site is optimized with the Yoast SEO plugin v22.8 - https:\/\/yoast.com\/wordpress\/plugins\/seo\/ -->\n<title>Pesquisa indica que marcas que ignoram pr\u00e1ticas ESG enfrentam rejei\u00e7\u00e3o dos consumidores brasileiros - Estad\u00e3o Summit ESG 2025 | 21 de agosto<\/title>\n<meta name=\"robots\" content=\"index, follow, max-snippet:-1, max-image-preview:large, max-video-preview:-1\" \/>\n<link rel=\"canonical\" href=\"https:\/\/summits.estadao.com.br\/esg\/2024\/11\/02\/pesquisa-indica-que-marcas-que-ignoram-praticas-esg-enfrentam-rejeicao-dos-consumidores-brasileiros\/\" \/>\n<meta property=\"og:locale\" content=\"pt_BR\" \/>\n<meta property=\"og:type\" content=\"article\" \/>\n<meta property=\"og:title\" content=\"Pesquisa indica que marcas que ignoram pr\u00e1ticas ESG enfrentam rejei\u00e7\u00e3o dos consumidores brasileiros - Estad\u00e3o Summit ESG 2025 | 21 de agosto\" \/>\n<meta property=\"og:description\" content=\"Estudo da Nexus mostra que o conceito virou uma precondi\u00e7\u00e3o para um produto ou servi\u00e7o n\u00e3o ser mal avaliado, mas o que vai fazer a diferen\u00e7a para uma percep\u00e7\u00e3o positiva \u00e9 a sua qualidade Por Carlos Eduardo Valim &#8211; editada por Mariana Collini em 02\/11\/2024\u00a0 O consumidor brasileiro considera a qualidade o principal atributo para [&hellip;]\" \/>\n<meta property=\"og:url\" content=\"https:\/\/summits.estadao.com.br\/esg\/2024\/11\/02\/pesquisa-indica-que-marcas-que-ignoram-praticas-esg-enfrentam-rejeicao-dos-consumidores-brasileiros\/\" \/>\n<meta property=\"og:site_name\" content=\"Estad\u00e3o Summit ESG 2025 | 21 de agosto\" \/>\n<meta property=\"article:published_time\" content=\"2024-11-02T21:06:43+00:00\" \/>\n<meta property=\"article:modified_time\" content=\"2024-11-08T21:08:19+00:00\" \/>\n<meta property=\"og:image\" content=\"https:\/\/summits.estadao.com.br\/esg\/wp-content\/uploads\/2024\/11\/image-4.jpeg\" \/>\n\t<meta property=\"og:image:width\" content=\"1200\" \/>\n\t<meta property=\"og:image:height\" content=\"760\" \/>\n\t<meta property=\"og:image:type\" content=\"image\/jpeg\" \/>\n<meta name=\"author\" content=\"Camila Romualdo\" \/>\n<meta name=\"twitter:card\" content=\"summary_large_image\" \/>\n<meta name=\"twitter:label1\" content=\"Escrito por\" \/>\n\t<meta name=\"twitter:data1\" content=\"Camila Romualdo\" \/>\n\t<meta name=\"twitter:label2\" content=\"Est. tempo de leitura\" \/>\n\t<meta name=\"twitter:data2\" content=\"4 minutos\" \/>\n<script type=\"application\/ld+json\" class=\"yoast-schema-graph\">{\"@context\":\"https:\/\/schema.org\",\"@graph\":[{\"@type\":\"Article\",\"@id\":\"https:\/\/summits.estadao.com.br\/esg\/2024\/11\/02\/pesquisa-indica-que-marcas-que-ignoram-praticas-esg-enfrentam-rejeicao-dos-consumidores-brasileiros\/#article\",\"isPartOf\":{\"@id\":\"https:\/\/summits.estadao.com.br\/esg\/2024\/11\/02\/pesquisa-indica-que-marcas-que-ignoram-praticas-esg-enfrentam-rejeicao-dos-consumidores-brasileiros\/\"},\"author\":{\"name\":\"Camila Romualdo\",\"@id\":\"https:\/\/summits.estadao.com.br\/esg\/#\/schema\/person\/568157f07989479cad1a0a49846b6e77\"},\"headline\":\"Pesquisa indica que marcas que ignoram pr\u00e1ticas ESG enfrentam rejei\u00e7\u00e3o dos consumidores brasileiros\",\"datePublished\":\"2024-11-02T21:06:43+00:00\",\"dateModified\":\"2024-11-08T21:08:19+00:00\",\"mainEntityOfPage\":{\"@id\":\"https:\/\/summits.estadao.com.br\/esg\/2024\/11\/02\/pesquisa-indica-que-marcas-que-ignoram-praticas-esg-enfrentam-rejeicao-dos-consumidores-brasileiros\/\"},\"wordCount\":680,\"commentCount\":0,\"publisher\":{\"@id\":\"https:\/\/summits.estadao.com.br\/esg\/#organization\"},\"image\":{\"@id\":\"https:\/\/summits.estadao.com.br\/esg\/2024\/11\/02\/pesquisa-indica-que-marcas-que-ignoram-praticas-esg-enfrentam-rejeicao-dos-consumidores-brasileiros\/#primaryimage\"},\"thumbnailUrl\":\"https:\/\/summits.estadao.com.br\/esg\/wp-content\/uploads\/2024\/11\/image-4.jpeg\",\"articleSection\":[\"Economia Verde\"],\"inLanguage\":\"pt-BR\",\"potentialAction\":[{\"@type\":\"CommentAction\",\"name\":\"Comment\",\"target\":[\"https:\/\/summits.estadao.com.br\/esg\/2024\/11\/02\/pesquisa-indica-que-marcas-que-ignoram-praticas-esg-enfrentam-rejeicao-dos-consumidores-brasileiros\/#respond\"]}]},{\"@type\":\"WebPage\",\"@id\":\"https:\/\/summits.estadao.com.br\/esg\/2024\/11\/02\/pesquisa-indica-que-marcas-que-ignoram-praticas-esg-enfrentam-rejeicao-dos-consumidores-brasileiros\/\",\"url\":\"https:\/\/summits.estadao.com.br\/esg\/2024\/11\/02\/pesquisa-indica-que-marcas-que-ignoram-praticas-esg-enfrentam-rejeicao-dos-consumidores-brasileiros\/\",\"name\":\"Pesquisa indica que marcas que ignoram pr\u00e1ticas ESG enfrentam rejei\u00e7\u00e3o dos consumidores brasileiros - Estad\u00e3o Summit ESG 2025 | 21 de agosto\",\"isPartOf\":{\"@id\":\"https:\/\/summits.estadao.com.br\/esg\/#website\"},\"primaryImageOfPage\":{\"@id\":\"https:\/\/summits.estadao.com.br\/esg\/2024\/11\/02\/pesquisa-indica-que-marcas-que-ignoram-praticas-esg-enfrentam-rejeicao-dos-consumidores-brasileiros\/#primaryimage\"},\"image\":{\"@id\":\"https:\/\/summits.estadao.com.br\/esg\/2024\/11\/02\/pesquisa-indica-que-marcas-que-ignoram-praticas-esg-enfrentam-rejeicao-dos-consumidores-brasileiros\/#primaryimage\"},\"thumbnailUrl\":\"https:\/\/summits.estadao.com.br\/esg\/wp-content\/uploads\/2024\/11\/image-4.jpeg\",\"datePublished\":\"2024-11-02T21:06:43+00:00\",\"dateModified\":\"2024-11-08T21:08:19+00:00\",\"breadcrumb\":{\"@id\":\"https:\/\/summits.estadao.com.br\/esg\/2024\/11\/02\/pesquisa-indica-que-marcas-que-ignoram-praticas-esg-enfrentam-rejeicao-dos-consumidores-brasileiros\/#breadcrumb\"},\"inLanguage\":\"pt-BR\",\"potentialAction\":[{\"@type\":\"ReadAction\",\"target\":[\"https:\/\/summits.estadao.com.br\/esg\/2024\/11\/02\/pesquisa-indica-que-marcas-que-ignoram-praticas-esg-enfrentam-rejeicao-dos-consumidores-brasileiros\/\"]}]},{\"@type\":\"ImageObject\",\"inLanguage\":\"pt-BR\",\"@id\":\"https:\/\/summits.estadao.com.br\/esg\/2024\/11\/02\/pesquisa-indica-que-marcas-que-ignoram-praticas-esg-enfrentam-rejeicao-dos-consumidores-brasileiros\/#primaryimage\",\"url\":\"https:\/\/summits.estadao.com.br\/esg\/wp-content\/uploads\/2024\/11\/image-4.jpeg\",\"contentUrl\":\"https:\/\/summits.estadao.com.br\/esg\/wp-content\/uploads\/2024\/11\/image-4.jpeg\",\"width\":1200,\"height\":760},{\"@type\":\"BreadcrumbList\",\"@id\":\"https:\/\/summits.estadao.com.br\/esg\/2024\/11\/02\/pesquisa-indica-que-marcas-que-ignoram-praticas-esg-enfrentam-rejeicao-dos-consumidores-brasileiros\/#breadcrumb\",\"itemListElement\":[{\"@type\":\"ListItem\",\"position\":1,\"name\":\"In\u00edcio\",\"item\":\"https:\/\/summits.estadao.com.br\/esg\/\"},{\"@type\":\"ListItem\",\"position\":2,\"name\":\"Pesquisa indica que marcas que ignoram pr\u00e1ticas ESG enfrentam rejei\u00e7\u00e3o dos consumidores brasileiros\"}]},{\"@type\":\"WebSite\",\"@id\":\"https:\/\/summits.estadao.com.br\/esg\/#website\",\"url\":\"https:\/\/summits.estadao.com.br\/esg\/\",\"name\":\"Summit ESG 2024\",\"description\":\"EMPRESAS E SOCIEDADE PELA AGENDA 2030 A chave para um futuro mais sustent\u00e1vel e equitativo\",\"publisher\":{\"@id\":\"https:\/\/summits.estadao.com.br\/esg\/#organization\"},\"potentialAction\":[{\"@type\":\"SearchAction\",\"target\":{\"@type\":\"EntryPoint\",\"urlTemplate\":\"https:\/\/summits.estadao.com.br\/esg\/?s={search_term_string}\"},\"query-input\":\"required name=search_term_string\"}],\"inLanguage\":\"pt-BR\"},{\"@type\":\"Organization\",\"@id\":\"https:\/\/summits.estadao.com.br\/esg\/#organization\",\"name\":\"Summit ESG 2024\",\"url\":\"https:\/\/summits.estadao.com.br\/esg\/\",\"logo\":{\"@type\":\"ImageObject\",\"inLanguage\":\"pt-BR\",\"@id\":\"https:\/\/summits.estadao.com.br\/esg\/#\/schema\/logo\/image\/\",\"url\":\"https:\/\/summits.estadao.com.br\/esg\/wp-content\/uploads\/2024\/05\/Logo-SUMMIT-ESG-Sem-fundo-1.png\",\"contentUrl\":\"https:\/\/summits.estadao.com.br\/esg\/wp-content\/uploads\/2024\/05\/Logo-SUMMIT-ESG-Sem-fundo-1.png\",\"width\":300,\"height\":145,\"caption\":\"Summit ESG 2024\"},\"image\":{\"@id\":\"https:\/\/summits.estadao.com.br\/esg\/#\/schema\/logo\/image\/\"}},{\"@type\":\"Person\",\"@id\":\"https:\/\/summits.estadao.com.br\/esg\/#\/schema\/person\/568157f07989479cad1a0a49846b6e77\",\"name\":\"Camila Romualdo\",\"image\":{\"@type\":\"ImageObject\",\"inLanguage\":\"pt-BR\",\"@id\":\"https:\/\/summits.estadao.com.br\/esg\/#\/schema\/person\/image\/\",\"url\":\"https:\/\/secure.gravatar.com\/avatar\/fcb7001ee37636ed4503a64da8fddbab1b5d3d29368720eceaaaa7aac648b2ce?s=96&d=mm&r=g\",\"contentUrl\":\"https:\/\/secure.gravatar.com\/avatar\/fcb7001ee37636ed4503a64da8fddbab1b5d3d29368720eceaaaa7aac648b2ce?s=96&d=mm&r=g\",\"caption\":\"Camila Romualdo\"},\"sameAs\":[\"https:\/\/estadao.com.br\"],\"url\":\"https:\/\/summits.estadao.com.br\/esg\/author\/estadao_summitesg\/\"}]}<\/script>\n<!-- \/ Yoast SEO plugin. -->","yoast_head_json":{"title":"Pesquisa indica que marcas que ignoram pr\u00e1ticas ESG enfrentam rejei\u00e7\u00e3o dos consumidores brasileiros - Estad\u00e3o Summit ESG 2025 | 21 de agosto","robots":{"index":"index","follow":"follow","max-snippet":"max-snippet:-1","max-image-preview":"max-image-preview:large","max-video-preview":"max-video-preview:-1"},"canonical":"https:\/\/summits.estadao.com.br\/esg\/2024\/11\/02\/pesquisa-indica-que-marcas-que-ignoram-praticas-esg-enfrentam-rejeicao-dos-consumidores-brasileiros\/","og_locale":"pt_BR","og_type":"article","og_title":"Pesquisa indica que marcas que ignoram pr\u00e1ticas ESG enfrentam rejei\u00e7\u00e3o dos consumidores brasileiros - Estad\u00e3o Summit ESG 2025 | 21 de agosto","og_description":"Estudo da Nexus mostra que o conceito virou uma precondi\u00e7\u00e3o para um produto ou servi\u00e7o n\u00e3o ser mal avaliado, mas o que vai fazer a diferen\u00e7a para uma percep\u00e7\u00e3o positiva \u00e9 a sua qualidade Por Carlos Eduardo Valim &#8211; editada por Mariana Collini em 02\/11\/2024\u00a0 O consumidor brasileiro considera a qualidade o principal atributo para [&hellip;]","og_url":"https:\/\/summits.estadao.com.br\/esg\/2024\/11\/02\/pesquisa-indica-que-marcas-que-ignoram-praticas-esg-enfrentam-rejeicao-dos-consumidores-brasileiros\/","og_site_name":"Estad\u00e3o Summit ESG 2025 | 21 de agosto","article_published_time":"2024-11-02T21:06:43+00:00","article_modified_time":"2024-11-08T21:08:19+00:00","og_image":[{"width":1200,"height":760,"url":"https:\/\/summits.estadao.com.br\/esg\/wp-content\/uploads\/2024\/11\/image-4.jpeg","type":"image\/jpeg"}],"author":"Camila Romualdo","twitter_card":"summary_large_image","twitter_misc":{"Escrito por":"Camila Romualdo","Est. tempo de leitura":"4 minutos"},"schema":{"@context":"https:\/\/schema.org","@graph":[{"@type":"Article","@id":"https:\/\/summits.estadao.com.br\/esg\/2024\/11\/02\/pesquisa-indica-que-marcas-que-ignoram-praticas-esg-enfrentam-rejeicao-dos-consumidores-brasileiros\/#article","isPartOf":{"@id":"https:\/\/summits.estadao.com.br\/esg\/2024\/11\/02\/pesquisa-indica-que-marcas-que-ignoram-praticas-esg-enfrentam-rejeicao-dos-consumidores-brasileiros\/"},"author":{"name":"Camila Romualdo","@id":"https:\/\/summits.estadao.com.br\/esg\/#\/schema\/person\/568157f07989479cad1a0a49846b6e77"},"headline":"Pesquisa indica que marcas que ignoram pr\u00e1ticas ESG enfrentam rejei\u00e7\u00e3o dos consumidores brasileiros","datePublished":"2024-11-02T21:06:43+00:00","dateModified":"2024-11-08T21:08:19+00:00","mainEntityOfPage":{"@id":"https:\/\/summits.estadao.com.br\/esg\/2024\/11\/02\/pesquisa-indica-que-marcas-que-ignoram-praticas-esg-enfrentam-rejeicao-dos-consumidores-brasileiros\/"},"wordCount":680,"commentCount":0,"publisher":{"@id":"https:\/\/summits.estadao.com.br\/esg\/#organization"},"image":{"@id":"https:\/\/summits.estadao.com.br\/esg\/2024\/11\/02\/pesquisa-indica-que-marcas-que-ignoram-praticas-esg-enfrentam-rejeicao-dos-consumidores-brasileiros\/#primaryimage"},"thumbnailUrl":"https:\/\/summits.estadao.com.br\/esg\/wp-content\/uploads\/2024\/11\/image-4.jpeg","articleSection":["Economia Verde"],"inLanguage":"pt-BR","potentialAction":[{"@type":"CommentAction","name":"Comment","target":["https:\/\/summits.estadao.com.br\/esg\/2024\/11\/02\/pesquisa-indica-que-marcas-que-ignoram-praticas-esg-enfrentam-rejeicao-dos-consumidores-brasileiros\/#respond"]}]},{"@type":"WebPage","@id":"https:\/\/summits.estadao.com.br\/esg\/2024\/11\/02\/pesquisa-indica-que-marcas-que-ignoram-praticas-esg-enfrentam-rejeicao-dos-consumidores-brasileiros\/","url":"https:\/\/summits.estadao.com.br\/esg\/2024\/11\/02\/pesquisa-indica-que-marcas-que-ignoram-praticas-esg-enfrentam-rejeicao-dos-consumidores-brasileiros\/","name":"Pesquisa indica que marcas que ignoram pr\u00e1ticas ESG enfrentam rejei\u00e7\u00e3o dos consumidores brasileiros - Estad\u00e3o Summit ESG 2025 | 21 de agosto","isPartOf":{"@id":"https:\/\/summits.estadao.com.br\/esg\/#website"},"primaryImageOfPage":{"@id":"https:\/\/summits.estadao.com.br\/esg\/2024\/11\/02\/pesquisa-indica-que-marcas-que-ignoram-praticas-esg-enfrentam-rejeicao-dos-consumidores-brasileiros\/#primaryimage"},"image":{"@id":"https:\/\/summits.estadao.com.br\/esg\/2024\/11\/02\/pesquisa-indica-que-marcas-que-ignoram-praticas-esg-enfrentam-rejeicao-dos-consumidores-brasileiros\/#primaryimage"},"thumbnailUrl":"https:\/\/summits.estadao.com.br\/esg\/wp-content\/uploads\/2024\/11\/image-4.jpeg","datePublished":"2024-11-02T21:06:43+00:00","dateModified":"2024-11-08T21:08:19+00:00","breadcrumb":{"@id":"https:\/\/summits.estadao.com.br\/esg\/2024\/11\/02\/pesquisa-indica-que-marcas-que-ignoram-praticas-esg-enfrentam-rejeicao-dos-consumidores-brasileiros\/#breadcrumb"},"inLanguage":"pt-BR","potentialAction":[{"@type":"ReadAction","target":["https:\/\/summits.estadao.com.br\/esg\/2024\/11\/02\/pesquisa-indica-que-marcas-que-ignoram-praticas-esg-enfrentam-rejeicao-dos-consumidores-brasileiros\/"]}]},{"@type":"ImageObject","inLanguage":"pt-BR","@id":"https:\/\/summits.estadao.com.br\/esg\/2024\/11\/02\/pesquisa-indica-que-marcas-que-ignoram-praticas-esg-enfrentam-rejeicao-dos-consumidores-brasileiros\/#primaryimage","url":"https:\/\/summits.estadao.com.br\/esg\/wp-content\/uploads\/2024\/11\/image-4.jpeg","contentUrl":"https:\/\/summits.estadao.com.br\/esg\/wp-content\/uploads\/2024\/11\/image-4.jpeg","width":1200,"height":760},{"@type":"BreadcrumbList","@id":"https:\/\/summits.estadao.com.br\/esg\/2024\/11\/02\/pesquisa-indica-que-marcas-que-ignoram-praticas-esg-enfrentam-rejeicao-dos-consumidores-brasileiros\/#breadcrumb","itemListElement":[{"@type":"ListItem","position":1,"name":"In\u00edcio","item":"https:\/\/summits.estadao.com.br\/esg\/"},{"@type":"ListItem","position":2,"name":"Pesquisa indica que marcas que ignoram pr\u00e1ticas ESG enfrentam rejei\u00e7\u00e3o dos consumidores brasileiros"}]},{"@type":"WebSite","@id":"https:\/\/summits.estadao.com.br\/esg\/#website","url":"https:\/\/summits.estadao.com.br\/esg\/","name":"Summit ESG 2024","description":"EMPRESAS E SOCIEDADE PELA AGENDA 2030 A chave para um futuro mais sustent\u00e1vel e equitativo","publisher":{"@id":"https:\/\/summits.estadao.com.br\/esg\/#organization"},"potentialAction":[{"@type":"SearchAction","target":{"@type":"EntryPoint","urlTemplate":"https:\/\/summits.estadao.com.br\/esg\/?s={search_term_string}"},"query-input":"required name=search_term_string"}],"inLanguage":"pt-BR"},{"@type":"Organization","@id":"https:\/\/summits.estadao.com.br\/esg\/#organization","name":"Summit ESG 2024","url":"https:\/\/summits.estadao.com.br\/esg\/","logo":{"@type":"ImageObject","inLanguage":"pt-BR","@id":"https:\/\/summits.estadao.com.br\/esg\/#\/schema\/logo\/image\/","url":"https:\/\/summits.estadao.com.br\/esg\/wp-content\/uploads\/2024\/05\/Logo-SUMMIT-ESG-Sem-fundo-1.png","contentUrl":"https:\/\/summits.estadao.com.br\/esg\/wp-content\/uploads\/2024\/05\/Logo-SUMMIT-ESG-Sem-fundo-1.png","width":300,"height":145,"caption":"Summit ESG 2024"},"image":{"@id":"https:\/\/summits.estadao.com.br\/esg\/#\/schema\/logo\/image\/"}},{"@type":"Person","@id":"https:\/\/summits.estadao.com.br\/esg\/#\/schema\/person\/568157f07989479cad1a0a49846b6e77","name":"Camila Romualdo","image":{"@type":"ImageObject","inLanguage":"pt-BR","@id":"https:\/\/summits.estadao.com.br\/esg\/#\/schema\/person\/image\/","url":"https:\/\/secure.gravatar.com\/avatar\/fcb7001ee37636ed4503a64da8fddbab1b5d3d29368720eceaaaa7aac648b2ce?s=96&d=mm&r=g","contentUrl":"https:\/\/secure.gravatar.com\/avatar\/fcb7001ee37636ed4503a64da8fddbab1b5d3d29368720eceaaaa7aac648b2ce?s=96&d=mm&r=g","caption":"Camila Romualdo"},"sameAs":["https:\/\/estadao.com.br"],"url":"https:\/\/summits.estadao.com.br\/esg\/author\/estadao_summitesg\/"}]}},"_links":{"self":[{"href":"https:\/\/summits.estadao.com.br\/esg\/wp-json\/wp\/v2\/posts\/5021","targetHints":{"allow":["GET"]}}],"collection":[{"href":"https:\/\/summits.estadao.com.br\/esg\/wp-json\/wp\/v2\/posts"}],"about":[{"href":"https:\/\/summits.estadao.com.br\/esg\/wp-json\/wp\/v2\/types\/post"}],"author":[{"embeddable":true,"href":"https:\/\/summits.estadao.com.br\/esg\/wp-json\/wp\/v2\/users\/2"}],"replies":[{"embeddable":true,"href":"https:\/\/summits.estadao.com.br\/esg\/wp-json\/wp\/v2\/comments?post=5021"}],"version-history":[{"count":1,"href":"https:\/\/summits.estadao.com.br\/esg\/wp-json\/wp\/v2\/posts\/5021\/revisions"}],"predecessor-version":[{"id":5023,"href":"https:\/\/summits.estadao.com.br\/esg\/wp-json\/wp\/v2\/posts\/5021\/revisions\/5023"}],"wp:featuredmedia":[{"embeddable":true,"href":"https:\/\/summits.estadao.com.br\/esg\/wp-json\/wp\/v2\/media\/5022"}],"wp:attachment":[{"href":"https:\/\/summits.estadao.com.br\/esg\/wp-json\/wp\/v2\/media?parent=5021"}],"wp:term":[{"taxonomy":"category","embeddable":true,"href":"https:\/\/summits.estadao.com.br\/esg\/wp-json\/wp\/v2\/categories?post=5021"},{"taxonomy":"post_tag","embeddable":true,"href":"https:\/\/summits.estadao.com.br\/esg\/wp-json\/wp\/v2\/tags?post=5021"}],"curies":[{"name":"wp","href":"https:\/\/api.w.org\/{rel}","templated":true}]}}