{"id":5100,"date":"2024-12-27T11:22:45","date_gmt":"2024-12-27T14:22:45","guid":{"rendered":"https:\/\/summits.estadao.com.br\/esg\/?p=5100"},"modified":"2024-12-27T11:22:48","modified_gmt":"2024-12-27T14:22:48","slug":"para-ceo-da-ccxp-publico-de-cultura-pop-esta-mais-aberto-as-pautas-de-diversidade","status":"publish","type":"post","link":"https:\/\/summits.estadao.com.br\/esg\/2024\/12\/27\/para-ceo-da-ccxp-publico-de-cultura-pop-esta-mais-aberto-as-pautas-de-diversidade\/","title":{"rendered":"Para CEO da CCXP, p\u00fablico de cultura pop est\u00e1 mais aberto \u00e0s pautas de diversidade"},"content":{"rendered":"\n<p><strong>No comando do maior evento de entretenimento do Brasil, que vai at\u00e9 domingo em S\u00e3o Paulo, Renato Fabri diz que, dentre os pilares ESG, a governan\u00e7a \u00e9 o que mais precisa avan\u00e7ar<\/strong><\/p>\n\n\n\n<p><em>Por Shagaly Ferreira &#8211; editada por Mariana Collini em 12\/12\/2024\u00a0<\/em><\/p>\n\n\n\n<p>Os f\u00e3s de cultura pop, apaixonados por grandes personagens de anima\u00e7\u00e3o e artistas do universo do entretenimento, refletem no seu estilo de vida a ideia de que cada pessoa deve ser aquilo que deseja. Sendo assim, na avalia\u00e7\u00e3o de um dos nomes mais conhecidos do setor no Brasil, Roberto Fabri, as caracter\u00edsticas desse p\u00fablico fazem dele um \u201cembaixador da diversidade\u201d.<\/p>\n\n\n\n<p>\u201cA cultura geek (outro termo para cultura pop) \u00e9 bem ampla e permeia v\u00e1rios estratos da sociedade, v\u00e1rias classes sociais e faixas et\u00e1rias, mas a maior parte desse p\u00fablico \u00e9 formada por \u2018jovens adultos\u2019, gera\u00e7\u00e3o Z e millennial. Este p\u00fablico, hoje, \u00e9 um dos grandes embaixadores das pautas de diversidade e meio ambiente\u201d, afirma. \u201cS\u00e3o pessoas conscientes dos desafios do mundo atual, e qualquer um que deseja dialogar com este p\u00fablico n\u00e3o pode deixar de considerar esta pauta.\u201d<\/p>\n\n\n\n<p>Fabri \u00e9 CEO de Live Experience na Omelete Company, organizadora da CCXP, o maior evento de cultura pop do Brasil, que ocorre at\u00e9 domingo, 8, na capital paulista. Em 2024, a conven\u00e7\u00e3o chegou \u00e0 sua 11\u00aa edi\u00e7\u00e3o com a presen\u00e7a de 120 marcas, desde representantes da ind\u00fastria cinematogr\u00e1fica at\u00e9 empresas de papelaria. O local tamb\u00e9m reune artistas do mundo dos quadrinhos, atores internacionais e produtores de conte\u00fado digital.<\/p>\n\n\n\n<p>Em uma d\u00e9cada, mais de 1,7 milh\u00e3o de visitantes passaram pelo evento. Os participantes contam com a possibilidade de se apresentar no espa\u00e7o caracterizados como um cosplayers (vestidos como personagens de s\u00e9ries e filmes), o que exp\u00f5e ainda mais a ideia de liberdade presente na cultura pop, aponta Fabri.<\/p>\n\n\n\n<p>\u201cA CCXP \u00e9 o mundo de todos os mundos, um lugar de pertencimento, com um p\u00fablico muito diverso, n\u00e3o s\u00f3 formado pelas comunidades e f\u00e3s de diversas franquias de cultura pop, mas tamb\u00e9m \u00e9 onde as pessoas t\u00eam liberdade e seguran\u00e7a para se expressar da forma que quiserem.\u201d<\/p>\n\n\n\n<p>Segundo o CEO, para criar um ambiente \u201cseguro, acolhedor e livre de preconceitos ou julgamentos\u201d, a produ\u00e7\u00e3o tem buscado, por exemplo, priorizar a contrata\u00e7\u00e3o de equipes mais diversas, incluindo pessoas com defici\u00eancia. \u201cEsta pauta \u00e9 muito cara para o nosso time.\u201d<\/p>\n\n\n\n<p><strong>Governan\u00e7a e meio ambiente<\/strong><\/p>\n\n\n\n<p>Apesar de, dentre os pilares ESG (sigla em ingl\u00eas para meio ambiente, social e governan\u00e7a), a quest\u00e3o social ter maior destaque na cultura pop por meio das pautas de diversidade, outros pontos ainda est\u00e3o em processo de avan\u00e7o. Um deles, segundo Fabri, s\u00e3o as a\u00e7\u00f5es de governan\u00e7a.<\/p>\n\n\n\n<p>\u201cPor ser um tema amplo, creio que a governan\u00e7a (ainda n\u00e3o avan\u00e7ou). Usando a ind\u00fastria do entretenimento como refer\u00eancia, esse \u00e9 um setor que gera muitos empregos, em diferentes etapas da cadeia, (mas) com muitas pequenas empresas ainda em fase de profissionaliza\u00e7\u00e3o\u201d, salienta.<\/p>\n\n\n\n<p>J\u00e1 no que se refere aos temas de preserva\u00e7\u00e3o do meio ambiente, o evento busca fazer sua parte. Segundo Fabri, toda a estrutura e a cenografia da conven\u00e7\u00e3o \u00e9 pensada para ser reaproveitada ou reciclada. Al\u00e9m disso, os res\u00edduos org\u00e2nicos s\u00e3o separados e tratados para se tornarem biocombust\u00edveis, acrescenta o gestor.<\/p>\n\n\n\n<p>\u201cUm total de 140 toneladas de res\u00edduos ser\u00e3o reciclados ou reaproveitados. (Ser\u00e1 um legado dessa edi\u00e7\u00e3o) prover um ambiente seguro e acolhedor para todos os f\u00e3s e continuar com nossa miss\u00e3o de, a cada ano, melhorar a vida das pessoas atrav\u00e9s do entretenimento.\u201d<\/p>\n\n\n\n<p><a href=\"https:\/\/www.estadao.com.br\/economia\/governanca\/cultura-pop-diversidade-ceo-ccxp\">https:\/\/www.estadao.com.br\/economia\/governanca\/cultura-pop-diversidade-ceo-ccxp<\/a><\/p>\n\n\n<div class=\"wp-block-image\">\n<figure class=\"aligncenter size-large\"><img fetchpriority=\"high\" decoding=\"async\" width=\"1024\" height=\"682\" src=\"https:\/\/summits.estadao.com.br\/esg\/wp-content\/uploads\/2024\/12\/image-8-1024x682.jpeg\" alt=\"\" class=\"wp-image-5101\" srcset=\"https:\/\/summits.estadao.com.br\/esg\/wp-content\/uploads\/2024\/12\/image-8-1024x682.jpeg 1024w, https:\/\/summits.estadao.com.br\/esg\/wp-content\/uploads\/2024\/12\/image-8-300x200.jpeg 300w, https:\/\/summits.estadao.com.br\/esg\/wp-content\/uploads\/2024\/12\/image-8-768x511.jpeg 768w, https:\/\/summits.estadao.com.br\/esg\/wp-content\/uploads\/2024\/12\/image-8.jpeg 1200w\" sizes=\"(max-width: 1024px) 100vw, 1024px\" \/><\/figure>\n<\/div>\n\n\n<p><em>Foto: Roberto Sungi\/CCXP<\/em><\/p>\n","protected":false},"excerpt":{"rendered":"<p>No comando do maior evento de entretenimento do Brasil, que vai at\u00e9 domingo em S\u00e3o Paulo, Renato Fabri diz que, dentre os pilares ESG, a governan\u00e7a \u00e9 o que mais precisa avan\u00e7ar Por Shagaly Ferreira &#8211; editada por Mariana Collini em 12\/12\/2024\u00a0 Os f\u00e3s de cultura pop, apaixonados por grandes personagens de anima\u00e7\u00e3o e artistas [&hellip;]<\/p>\n","protected":false},"author":2,"featured_media":5101,"comment_status":"open","ping_status":"closed","sticky":false,"template":"","format":"standard","meta":{"footnotes":""},"categories":[163],"tags":[],"class_list":["post-5100","post","type-post","status-publish","format-standard","has-post-thumbnail","hentry","category-gestao"],"yoast_head":"<!-- This site is optimized with the Yoast SEO plugin v22.8 - https:\/\/yoast.com\/wordpress\/plugins\/seo\/ -->\n<title>Para CEO da CCXP, p\u00fablico de cultura pop est\u00e1 mais aberto \u00e0s pautas de diversidade - Estad\u00e3o Summit ESG 2025 | 21 de agosto<\/title>\n<meta name=\"robots\" content=\"index, follow, max-snippet:-1, max-image-preview:large, max-video-preview:-1\" \/>\n<link rel=\"canonical\" href=\"https:\/\/summits.estadao.com.br\/esg\/2024\/12\/27\/para-ceo-da-ccxp-publico-de-cultura-pop-esta-mais-aberto-as-pautas-de-diversidade\/\" \/>\n<meta property=\"og:locale\" content=\"pt_BR\" \/>\n<meta property=\"og:type\" content=\"article\" \/>\n<meta property=\"og:title\" content=\"Para CEO da CCXP, p\u00fablico de cultura pop est\u00e1 mais aberto \u00e0s pautas de diversidade - Estad\u00e3o Summit ESG 2025 | 21 de agosto\" \/>\n<meta property=\"og:description\" content=\"No comando do maior evento de entretenimento do Brasil, que vai at\u00e9 domingo em S\u00e3o Paulo, Renato Fabri diz que, dentre os pilares ESG, a governan\u00e7a \u00e9 o que mais precisa avan\u00e7ar Por Shagaly Ferreira &#8211; editada por Mariana Collini em 12\/12\/2024\u00a0 Os f\u00e3s de cultura pop, apaixonados por grandes personagens de anima\u00e7\u00e3o e artistas [&hellip;]\" \/>\n<meta property=\"og:url\" content=\"https:\/\/summits.estadao.com.br\/esg\/2024\/12\/27\/para-ceo-da-ccxp-publico-de-cultura-pop-esta-mais-aberto-as-pautas-de-diversidade\/\" \/>\n<meta property=\"og:site_name\" content=\"Estad\u00e3o Summit ESG 2025 | 21 de agosto\" \/>\n<meta property=\"article:published_time\" content=\"2024-12-27T14:22:45+00:00\" \/>\n<meta property=\"article:modified_time\" content=\"2024-12-27T14:22:48+00:00\" \/>\n<meta property=\"og:image\" content=\"https:\/\/summits.estadao.com.br\/esg\/wp-content\/uploads\/2024\/12\/image-8.jpeg\" \/>\n\t<meta property=\"og:image:width\" content=\"1200\" \/>\n\t<meta property=\"og:image:height\" content=\"799\" \/>\n\t<meta property=\"og:image:type\" content=\"image\/jpeg\" \/>\n<meta name=\"author\" content=\"Camila Romualdo\" \/>\n<meta name=\"twitter:card\" content=\"summary_large_image\" \/>\n<meta name=\"twitter:label1\" content=\"Escrito por\" \/>\n\t<meta name=\"twitter:data1\" content=\"Camila Romualdo\" \/>\n\t<meta name=\"twitter:label2\" content=\"Est. tempo de leitura\" \/>\n\t<meta name=\"twitter:data2\" content=\"4 minutos\" \/>\n<script type=\"application\/ld+json\" class=\"yoast-schema-graph\">{\"@context\":\"https:\/\/schema.org\",\"@graph\":[{\"@type\":\"Article\",\"@id\":\"https:\/\/summits.estadao.com.br\/esg\/2024\/12\/27\/para-ceo-da-ccxp-publico-de-cultura-pop-esta-mais-aberto-as-pautas-de-diversidade\/#article\",\"isPartOf\":{\"@id\":\"https:\/\/summits.estadao.com.br\/esg\/2024\/12\/27\/para-ceo-da-ccxp-publico-de-cultura-pop-esta-mais-aberto-as-pautas-de-diversidade\/\"},\"author\":{\"name\":\"Camila Romualdo\",\"@id\":\"https:\/\/summits.estadao.com.br\/esg\/#\/schema\/person\/568157f07989479cad1a0a49846b6e77\"},\"headline\":\"Para CEO da CCXP, p\u00fablico de cultura pop est\u00e1 mais aberto \u00e0s pautas de diversidade\",\"datePublished\":\"2024-12-27T14:22:45+00:00\",\"dateModified\":\"2024-12-27T14:22:48+00:00\",\"mainEntityOfPage\":{\"@id\":\"https:\/\/summits.estadao.com.br\/esg\/2024\/12\/27\/para-ceo-da-ccxp-publico-de-cultura-pop-esta-mais-aberto-as-pautas-de-diversidade\/\"},\"wordCount\":650,\"commentCount\":0,\"publisher\":{\"@id\":\"https:\/\/summits.estadao.com.br\/esg\/#organization\"},\"image\":{\"@id\":\"https:\/\/summits.estadao.com.br\/esg\/2024\/12\/27\/para-ceo-da-ccxp-publico-de-cultura-pop-esta-mais-aberto-as-pautas-de-diversidade\/#primaryimage\"},\"thumbnailUrl\":\"https:\/\/summits.estadao.com.br\/esg\/wp-content\/uploads\/2024\/12\/image-8.jpeg\",\"articleSection\":[\"Gest\u00e3o\"],\"inLanguage\":\"pt-BR\",\"potentialAction\":[{\"@type\":\"CommentAction\",\"name\":\"Comment\",\"target\":[\"https:\/\/summits.estadao.com.br\/esg\/2024\/12\/27\/para-ceo-da-ccxp-publico-de-cultura-pop-esta-mais-aberto-as-pautas-de-diversidade\/#respond\"]}]},{\"@type\":\"WebPage\",\"@id\":\"https:\/\/summits.estadao.com.br\/esg\/2024\/12\/27\/para-ceo-da-ccxp-publico-de-cultura-pop-esta-mais-aberto-as-pautas-de-diversidade\/\",\"url\":\"https:\/\/summits.estadao.com.br\/esg\/2024\/12\/27\/para-ceo-da-ccxp-publico-de-cultura-pop-esta-mais-aberto-as-pautas-de-diversidade\/\",\"name\":\"Para CEO da CCXP, p\u00fablico de cultura pop est\u00e1 mais aberto \u00e0s pautas de diversidade - Estad\u00e3o Summit ESG 2025 | 21 de agosto\",\"isPartOf\":{\"@id\":\"https:\/\/summits.estadao.com.br\/esg\/#website\"},\"primaryImageOfPage\":{\"@id\":\"https:\/\/summits.estadao.com.br\/esg\/2024\/12\/27\/para-ceo-da-ccxp-publico-de-cultura-pop-esta-mais-aberto-as-pautas-de-diversidade\/#primaryimage\"},\"image\":{\"@id\":\"https:\/\/summits.estadao.com.br\/esg\/2024\/12\/27\/para-ceo-da-ccxp-publico-de-cultura-pop-esta-mais-aberto-as-pautas-de-diversidade\/#primaryimage\"},\"thumbnailUrl\":\"https:\/\/summits.estadao.com.br\/esg\/wp-content\/uploads\/2024\/12\/image-8.jpeg\",\"datePublished\":\"2024-12-27T14:22:45+00:00\",\"dateModified\":\"2024-12-27T14:22:48+00:00\",\"breadcrumb\":{\"@id\":\"https:\/\/summits.estadao.com.br\/esg\/2024\/12\/27\/para-ceo-da-ccxp-publico-de-cultura-pop-esta-mais-aberto-as-pautas-de-diversidade\/#breadcrumb\"},\"inLanguage\":\"pt-BR\",\"potentialAction\":[{\"@type\":\"ReadAction\",\"target\":[\"https:\/\/summits.estadao.com.br\/esg\/2024\/12\/27\/para-ceo-da-ccxp-publico-de-cultura-pop-esta-mais-aberto-as-pautas-de-diversidade\/\"]}]},{\"@type\":\"ImageObject\",\"inLanguage\":\"pt-BR\",\"@id\":\"https:\/\/summits.estadao.com.br\/esg\/2024\/12\/27\/para-ceo-da-ccxp-publico-de-cultura-pop-esta-mais-aberto-as-pautas-de-diversidade\/#primaryimage\",\"url\":\"https:\/\/summits.estadao.com.br\/esg\/wp-content\/uploads\/2024\/12\/image-8.jpeg\",\"contentUrl\":\"https:\/\/summits.estadao.com.br\/esg\/wp-content\/uploads\/2024\/12\/image-8.jpeg\",\"width\":1200,\"height\":799},{\"@type\":\"BreadcrumbList\",\"@id\":\"https:\/\/summits.estadao.com.br\/esg\/2024\/12\/27\/para-ceo-da-ccxp-publico-de-cultura-pop-esta-mais-aberto-as-pautas-de-diversidade\/#breadcrumb\",\"itemListElement\":[{\"@type\":\"ListItem\",\"position\":1,\"name\":\"In\u00edcio\",\"item\":\"https:\/\/summits.estadao.com.br\/esg\/\"},{\"@type\":\"ListItem\",\"position\":2,\"name\":\"Para CEO da CCXP, p\u00fablico de cultura pop est\u00e1 mais aberto \u00e0s pautas de diversidade\"}]},{\"@type\":\"WebSite\",\"@id\":\"https:\/\/summits.estadao.com.br\/esg\/#website\",\"url\":\"https:\/\/summits.estadao.com.br\/esg\/\",\"name\":\"Summit ESG 2024\",\"description\":\"EMPRESAS E SOCIEDADE PELA AGENDA 2030 A chave para um futuro mais sustent\u00e1vel e equitativo\",\"publisher\":{\"@id\":\"https:\/\/summits.estadao.com.br\/esg\/#organization\"},\"potentialAction\":[{\"@type\":\"SearchAction\",\"target\":{\"@type\":\"EntryPoint\",\"urlTemplate\":\"https:\/\/summits.estadao.com.br\/esg\/?s={search_term_string}\"},\"query-input\":\"required name=search_term_string\"}],\"inLanguage\":\"pt-BR\"},{\"@type\":\"Organization\",\"@id\":\"https:\/\/summits.estadao.com.br\/esg\/#organization\",\"name\":\"Summit ESG 2024\",\"url\":\"https:\/\/summits.estadao.com.br\/esg\/\",\"logo\":{\"@type\":\"ImageObject\",\"inLanguage\":\"pt-BR\",\"@id\":\"https:\/\/summits.estadao.com.br\/esg\/#\/schema\/logo\/image\/\",\"url\":\"https:\/\/summits.estadao.com.br\/esg\/wp-content\/uploads\/2024\/05\/Logo-SUMMIT-ESG-Sem-fundo-1.png\",\"contentUrl\":\"https:\/\/summits.estadao.com.br\/esg\/wp-content\/uploads\/2024\/05\/Logo-SUMMIT-ESG-Sem-fundo-1.png\",\"width\":300,\"height\":145,\"caption\":\"Summit ESG 2024\"},\"image\":{\"@id\":\"https:\/\/summits.estadao.com.br\/esg\/#\/schema\/logo\/image\/\"}},{\"@type\":\"Person\",\"@id\":\"https:\/\/summits.estadao.com.br\/esg\/#\/schema\/person\/568157f07989479cad1a0a49846b6e77\",\"name\":\"Camila Romualdo\",\"image\":{\"@type\":\"ImageObject\",\"inLanguage\":\"pt-BR\",\"@id\":\"https:\/\/summits.estadao.com.br\/esg\/#\/schema\/person\/image\/\",\"url\":\"https:\/\/secure.gravatar.com\/avatar\/fcb7001ee37636ed4503a64da8fddbab1b5d3d29368720eceaaaa7aac648b2ce?s=96&d=mm&r=g\",\"contentUrl\":\"https:\/\/secure.gravatar.com\/avatar\/fcb7001ee37636ed4503a64da8fddbab1b5d3d29368720eceaaaa7aac648b2ce?s=96&d=mm&r=g\",\"caption\":\"Camila Romualdo\"},\"sameAs\":[\"https:\/\/estadao.com.br\"],\"url\":\"https:\/\/summits.estadao.com.br\/esg\/author\/estadao_summitesg\/\"}]}<\/script>\n<!-- \/ Yoast SEO plugin. -->","yoast_head_json":{"title":"Para CEO da CCXP, p\u00fablico de cultura pop est\u00e1 mais aberto \u00e0s pautas de diversidade - Estad\u00e3o Summit ESG 2025 | 21 de agosto","robots":{"index":"index","follow":"follow","max-snippet":"max-snippet:-1","max-image-preview":"max-image-preview:large","max-video-preview":"max-video-preview:-1"},"canonical":"https:\/\/summits.estadao.com.br\/esg\/2024\/12\/27\/para-ceo-da-ccxp-publico-de-cultura-pop-esta-mais-aberto-as-pautas-de-diversidade\/","og_locale":"pt_BR","og_type":"article","og_title":"Para CEO da CCXP, p\u00fablico de cultura pop est\u00e1 mais aberto \u00e0s pautas de diversidade - Estad\u00e3o Summit ESG 2025 | 21 de agosto","og_description":"No comando do maior evento de entretenimento do Brasil, que vai at\u00e9 domingo em S\u00e3o Paulo, Renato Fabri diz que, dentre os pilares ESG, a governan\u00e7a \u00e9 o que mais precisa avan\u00e7ar Por Shagaly Ferreira &#8211; editada por Mariana Collini em 12\/12\/2024\u00a0 Os f\u00e3s de cultura pop, apaixonados por grandes personagens de anima\u00e7\u00e3o e artistas [&hellip;]","og_url":"https:\/\/summits.estadao.com.br\/esg\/2024\/12\/27\/para-ceo-da-ccxp-publico-de-cultura-pop-esta-mais-aberto-as-pautas-de-diversidade\/","og_site_name":"Estad\u00e3o Summit ESG 2025 | 21 de agosto","article_published_time":"2024-12-27T14:22:45+00:00","article_modified_time":"2024-12-27T14:22:48+00:00","og_image":[{"width":1200,"height":799,"url":"https:\/\/summits.estadao.com.br\/esg\/wp-content\/uploads\/2024\/12\/image-8.jpeg","type":"image\/jpeg"}],"author":"Camila Romualdo","twitter_card":"summary_large_image","twitter_misc":{"Escrito por":"Camila Romualdo","Est. tempo de leitura":"4 minutos"},"schema":{"@context":"https:\/\/schema.org","@graph":[{"@type":"Article","@id":"https:\/\/summits.estadao.com.br\/esg\/2024\/12\/27\/para-ceo-da-ccxp-publico-de-cultura-pop-esta-mais-aberto-as-pautas-de-diversidade\/#article","isPartOf":{"@id":"https:\/\/summits.estadao.com.br\/esg\/2024\/12\/27\/para-ceo-da-ccxp-publico-de-cultura-pop-esta-mais-aberto-as-pautas-de-diversidade\/"},"author":{"name":"Camila Romualdo","@id":"https:\/\/summits.estadao.com.br\/esg\/#\/schema\/person\/568157f07989479cad1a0a49846b6e77"},"headline":"Para CEO da CCXP, p\u00fablico de cultura pop est\u00e1 mais aberto \u00e0s pautas de diversidade","datePublished":"2024-12-27T14:22:45+00:00","dateModified":"2024-12-27T14:22:48+00:00","mainEntityOfPage":{"@id":"https:\/\/summits.estadao.com.br\/esg\/2024\/12\/27\/para-ceo-da-ccxp-publico-de-cultura-pop-esta-mais-aberto-as-pautas-de-diversidade\/"},"wordCount":650,"commentCount":0,"publisher":{"@id":"https:\/\/summits.estadao.com.br\/esg\/#organization"},"image":{"@id":"https:\/\/summits.estadao.com.br\/esg\/2024\/12\/27\/para-ceo-da-ccxp-publico-de-cultura-pop-esta-mais-aberto-as-pautas-de-diversidade\/#primaryimage"},"thumbnailUrl":"https:\/\/summits.estadao.com.br\/esg\/wp-content\/uploads\/2024\/12\/image-8.jpeg","articleSection":["Gest\u00e3o"],"inLanguage":"pt-BR","potentialAction":[{"@type":"CommentAction","name":"Comment","target":["https:\/\/summits.estadao.com.br\/esg\/2024\/12\/27\/para-ceo-da-ccxp-publico-de-cultura-pop-esta-mais-aberto-as-pautas-de-diversidade\/#respond"]}]},{"@type":"WebPage","@id":"https:\/\/summits.estadao.com.br\/esg\/2024\/12\/27\/para-ceo-da-ccxp-publico-de-cultura-pop-esta-mais-aberto-as-pautas-de-diversidade\/","url":"https:\/\/summits.estadao.com.br\/esg\/2024\/12\/27\/para-ceo-da-ccxp-publico-de-cultura-pop-esta-mais-aberto-as-pautas-de-diversidade\/","name":"Para CEO da CCXP, p\u00fablico de cultura pop est\u00e1 mais aberto \u00e0s pautas de diversidade - Estad\u00e3o Summit ESG 2025 | 21 de agosto","isPartOf":{"@id":"https:\/\/summits.estadao.com.br\/esg\/#website"},"primaryImageOfPage":{"@id":"https:\/\/summits.estadao.com.br\/esg\/2024\/12\/27\/para-ceo-da-ccxp-publico-de-cultura-pop-esta-mais-aberto-as-pautas-de-diversidade\/#primaryimage"},"image":{"@id":"https:\/\/summits.estadao.com.br\/esg\/2024\/12\/27\/para-ceo-da-ccxp-publico-de-cultura-pop-esta-mais-aberto-as-pautas-de-diversidade\/#primaryimage"},"thumbnailUrl":"https:\/\/summits.estadao.com.br\/esg\/wp-content\/uploads\/2024\/12\/image-8.jpeg","datePublished":"2024-12-27T14:22:45+00:00","dateModified":"2024-12-27T14:22:48+00:00","breadcrumb":{"@id":"https:\/\/summits.estadao.com.br\/esg\/2024\/12\/27\/para-ceo-da-ccxp-publico-de-cultura-pop-esta-mais-aberto-as-pautas-de-diversidade\/#breadcrumb"},"inLanguage":"pt-BR","potentialAction":[{"@type":"ReadAction","target":["https:\/\/summits.estadao.com.br\/esg\/2024\/12\/27\/para-ceo-da-ccxp-publico-de-cultura-pop-esta-mais-aberto-as-pautas-de-diversidade\/"]}]},{"@type":"ImageObject","inLanguage":"pt-BR","@id":"https:\/\/summits.estadao.com.br\/esg\/2024\/12\/27\/para-ceo-da-ccxp-publico-de-cultura-pop-esta-mais-aberto-as-pautas-de-diversidade\/#primaryimage","url":"https:\/\/summits.estadao.com.br\/esg\/wp-content\/uploads\/2024\/12\/image-8.jpeg","contentUrl":"https:\/\/summits.estadao.com.br\/esg\/wp-content\/uploads\/2024\/12\/image-8.jpeg","width":1200,"height":799},{"@type":"BreadcrumbList","@id":"https:\/\/summits.estadao.com.br\/esg\/2024\/12\/27\/para-ceo-da-ccxp-publico-de-cultura-pop-esta-mais-aberto-as-pautas-de-diversidade\/#breadcrumb","itemListElement":[{"@type":"ListItem","position":1,"name":"In\u00edcio","item":"https:\/\/summits.estadao.com.br\/esg\/"},{"@type":"ListItem","position":2,"name":"Para CEO da CCXP, p\u00fablico de cultura pop est\u00e1 mais aberto \u00e0s pautas de diversidade"}]},{"@type":"WebSite","@id":"https:\/\/summits.estadao.com.br\/esg\/#website","url":"https:\/\/summits.estadao.com.br\/esg\/","name":"Summit ESG 2024","description":"EMPRESAS E SOCIEDADE PELA AGENDA 2030 A chave para um futuro mais sustent\u00e1vel e equitativo","publisher":{"@id":"https:\/\/summits.estadao.com.br\/esg\/#organization"},"potentialAction":[{"@type":"SearchAction","target":{"@type":"EntryPoint","urlTemplate":"https:\/\/summits.estadao.com.br\/esg\/?s={search_term_string}"},"query-input":"required name=search_term_string"}],"inLanguage":"pt-BR"},{"@type":"Organization","@id":"https:\/\/summits.estadao.com.br\/esg\/#organization","name":"Summit ESG 2024","url":"https:\/\/summits.estadao.com.br\/esg\/","logo":{"@type":"ImageObject","inLanguage":"pt-BR","@id":"https:\/\/summits.estadao.com.br\/esg\/#\/schema\/logo\/image\/","url":"https:\/\/summits.estadao.com.br\/esg\/wp-content\/uploads\/2024\/05\/Logo-SUMMIT-ESG-Sem-fundo-1.png","contentUrl":"https:\/\/summits.estadao.com.br\/esg\/wp-content\/uploads\/2024\/05\/Logo-SUMMIT-ESG-Sem-fundo-1.png","width":300,"height":145,"caption":"Summit ESG 2024"},"image":{"@id":"https:\/\/summits.estadao.com.br\/esg\/#\/schema\/logo\/image\/"}},{"@type":"Person","@id":"https:\/\/summits.estadao.com.br\/esg\/#\/schema\/person\/568157f07989479cad1a0a49846b6e77","name":"Camila Romualdo","image":{"@type":"ImageObject","inLanguage":"pt-BR","@id":"https:\/\/summits.estadao.com.br\/esg\/#\/schema\/person\/image\/","url":"https:\/\/secure.gravatar.com\/avatar\/fcb7001ee37636ed4503a64da8fddbab1b5d3d29368720eceaaaa7aac648b2ce?s=96&d=mm&r=g","contentUrl":"https:\/\/secure.gravatar.com\/avatar\/fcb7001ee37636ed4503a64da8fddbab1b5d3d29368720eceaaaa7aac648b2ce?s=96&d=mm&r=g","caption":"Camila Romualdo"},"sameAs":["https:\/\/estadao.com.br"],"url":"https:\/\/summits.estadao.com.br\/esg\/author\/estadao_summitesg\/"}]}},"_links":{"self":[{"href":"https:\/\/summits.estadao.com.br\/esg\/wp-json\/wp\/v2\/posts\/5100","targetHints":{"allow":["GET"]}}],"collection":[{"href":"https:\/\/summits.estadao.com.br\/esg\/wp-json\/wp\/v2\/posts"}],"about":[{"href":"https:\/\/summits.estadao.com.br\/esg\/wp-json\/wp\/v2\/types\/post"}],"author":[{"embeddable":true,"href":"https:\/\/summits.estadao.com.br\/esg\/wp-json\/wp\/v2\/users\/2"}],"replies":[{"embeddable":true,"href":"https:\/\/summits.estadao.com.br\/esg\/wp-json\/wp\/v2\/comments?post=5100"}],"version-history":[{"count":1,"href":"https:\/\/summits.estadao.com.br\/esg\/wp-json\/wp\/v2\/posts\/5100\/revisions"}],"predecessor-version":[{"id":5102,"href":"https:\/\/summits.estadao.com.br\/esg\/wp-json\/wp\/v2\/posts\/5100\/revisions\/5102"}],"wp:featuredmedia":[{"embeddable":true,"href":"https:\/\/summits.estadao.com.br\/esg\/wp-json\/wp\/v2\/media\/5101"}],"wp:attachment":[{"href":"https:\/\/summits.estadao.com.br\/esg\/wp-json\/wp\/v2\/media?parent=5100"}],"wp:term":[{"taxonomy":"category","embeddable":true,"href":"https:\/\/summits.estadao.com.br\/esg\/wp-json\/wp\/v2\/categories?post=5100"},{"taxonomy":"post_tag","embeddable":true,"href":"https:\/\/summits.estadao.com.br\/esg\/wp-json\/wp\/v2\/tags?post=5100"}],"curies":[{"name":"wp","href":"https:\/\/api.w.org\/{rel}","templated":true}]}}