{"id":5563,"date":"2025-08-01T14:35:19","date_gmt":"2025-08-01T17:35:19","guid":{"rendered":"https:\/\/summits.estadao.com.br\/esg\/?p=5563"},"modified":"2025-08-08T14:51:18","modified_gmt":"2025-08-08T17:51:18","slug":"jbs-vai-contratar-beneficiarios-do-bolsa-familia-por-meio-de-parceria-com-o-governo","status":"publish","type":"post","link":"https:\/\/summits.estadao.com.br\/esg\/2025\/08\/01\/jbs-vai-contratar-beneficiarios-do-bolsa-familia-por-meio-de-parceria-com-o-governo\/","title":{"rendered":"JBS vai contratar benefici\u00e1rios do Bolsa Fam\u00edlia por meio de parceria com o governo"},"content":{"rendered":"\n<p><strong>Acordo faz parte de esfor\u00e7o conjunto para promover inclus\u00e3o produtiva e reduzir a desigualdade<\/strong><\/p>\n\n\n\n<p><em>Por Leandro Silveira &#8211; editada por Mariana Collini em 01\/08\/2025<\/em><\/p>\n\n\n\n<p>A JBS assinou na quinta-feira, 31, um acordo de coopera\u00e7\u00e3o t\u00e9cnica com o Minist\u00e9rio do Desenvolvimento e Assist\u00eancia Social, Fam\u00edlia e Combate \u00e0 Fome para facilitar a contrata\u00e7\u00e3o de pessoas inscritas no Cadastro \u00danico (Cad\u00danico), base de dados que d\u00e1 acesso a programas como o Bolsa Fam\u00edlia. Em nota, a empresa explicou que o conv\u00eanio ter\u00e1 dura\u00e7\u00e3o de dois anos e tem como foco promover a inclus\u00e3o socioecon\u00f4mica de fam\u00edlias de baixa renda.<\/p>\n\n\n\n<p>A cerim\u00f4nia de assinatura foi realizada na sede da JBS, em S\u00e3o Paulo, com a presen\u00e7a do ministro do Desenvolvimento, Wellington Dias, do conselheiro da JBS Wesley Batista e do CEO global da companhia, Gilberto Tomazoni. Com 158 mil colaboradores no Pa\u00eds e unidades em mais de cem munic\u00edpios, a JBS \u00e9 uma das maiores empregadoras do Brasil.<\/p>\n\n\n\n<p>A partir do conv\u00eanio, os inscritos no Cad\u00danico poder\u00e3o participar dos processos seletivos da companhia com o apoio da rede de assist\u00eancia social, explicou a empresa em nota. O acesso \u00e0s informa\u00e7\u00f5es ser\u00e1 feito de forma impessoal e mediante consentimento dos candidatos.<\/p>\n\n\n\n<p>A JBS ficar\u00e1 respons\u00e1vel pelas sele\u00e7\u00f5es e informar\u00e1 ao minist\u00e9rio os dados dos contratados para que valide a elegibilidade dos trabalhadores no sistema.<\/p>\n\n\n\n<p>Durante o evento, o ministro Wellington Dias destacou a import\u00e2ncia de integrar pol\u00edticas sociais \u00e0 economia. &#8220;N\u00e3o d\u00e1 para tratar a fome separadamente da pobreza e nem os dois separados da economia. \u00c9 preciso integrar o social, o ambiental e o econ\u00f4mico para vermos a mudan\u00e7a acontecer&#8221;, afirmou.<\/p>\n\n\n<div class=\"wp-block-image\">\n<figure class=\"aligncenter size-large\"><img fetchpriority=\"high\" decoding=\"async\" width=\"1024\" height=\"683\" src=\"https:\/\/summits.estadao.com.br\/esg\/wp-content\/uploads\/2025\/08\/image-1-1024x683.png\" alt=\"\" class=\"wp-image-5564\" srcset=\"https:\/\/summits.estadao.com.br\/esg\/wp-content\/uploads\/2025\/08\/image-1-1024x683.png 1024w, https:\/\/summits.estadao.com.br\/esg\/wp-content\/uploads\/2025\/08\/image-1-300x200.png 300w, https:\/\/summits.estadao.com.br\/esg\/wp-content\/uploads\/2025\/08\/image-1-768x512.png 768w, https:\/\/summits.estadao.com.br\/esg\/wp-content\/uploads\/2025\/08\/image-1.png 1200w\" sizes=\"(max-width: 1024px) 100vw, 1024px\" \/><\/figure>\n<\/div>\n\n\n<p>Foto: Adobe Stock<\/p>\n","protected":false},"excerpt":{"rendered":"<p>Acordo faz parte de esfor\u00e7o conjunto para promover inclus\u00e3o produtiva e reduzir a desigualdade Por Leandro Silveira &#8211; editada por Mariana Collini em 01\/08\/2025 A JBS assinou na quinta-feira, 31, um acordo de coopera\u00e7\u00e3o t\u00e9cnica com o Minist\u00e9rio do Desenvolvimento e Assist\u00eancia Social, Fam\u00edlia e Combate \u00e0 Fome para facilitar a contrata\u00e7\u00e3o de pessoas inscritas [&hellip;]<\/p>\n","protected":false},"author":2,"featured_media":5564,"comment_status":"open","ping_status":"closed","sticky":false,"template":"","format":"standard","meta":{"footnotes":""},"categories":[163],"tags":[],"class_list":["post-5563","post","type-post","status-publish","format-standard","has-post-thumbnail","hentry","category-gestao"],"yoast_head":"<!-- This site is optimized with the Yoast SEO plugin v22.8 - https:\/\/yoast.com\/wordpress\/plugins\/seo\/ -->\n<title>JBS vai contratar benefici\u00e1rios do Bolsa Fam\u00edlia por meio de parceria com o governo - Estad\u00e3o Summit ESG 2025 | 21 de agosto<\/title>\n<meta name=\"robots\" content=\"index, follow, max-snippet:-1, max-image-preview:large, max-video-preview:-1\" \/>\n<link rel=\"canonical\" href=\"https:\/\/summits.estadao.com.br\/esg\/2025\/08\/01\/jbs-vai-contratar-beneficiarios-do-bolsa-familia-por-meio-de-parceria-com-o-governo\/\" \/>\n<meta property=\"og:locale\" content=\"pt_BR\" \/>\n<meta property=\"og:type\" content=\"article\" \/>\n<meta property=\"og:title\" content=\"JBS vai contratar benefici\u00e1rios do Bolsa Fam\u00edlia por meio de parceria com o governo - Estad\u00e3o Summit ESG 2025 | 21 de agosto\" \/>\n<meta property=\"og:description\" content=\"Acordo faz parte de esfor\u00e7o conjunto para promover inclus\u00e3o produtiva e reduzir a desigualdade Por Leandro Silveira &#8211; editada por Mariana Collini em 01\/08\/2025 A JBS assinou na quinta-feira, 31, um acordo de coopera\u00e7\u00e3o t\u00e9cnica com o Minist\u00e9rio do Desenvolvimento e Assist\u00eancia Social, Fam\u00edlia e Combate \u00e0 Fome para facilitar a contrata\u00e7\u00e3o de pessoas inscritas [&hellip;]\" \/>\n<meta property=\"og:url\" content=\"https:\/\/summits.estadao.com.br\/esg\/2025\/08\/01\/jbs-vai-contratar-beneficiarios-do-bolsa-familia-por-meio-de-parceria-com-o-governo\/\" \/>\n<meta property=\"og:site_name\" content=\"Estad\u00e3o Summit ESG 2025 | 21 de agosto\" \/>\n<meta property=\"article:published_time\" content=\"2025-08-01T17:35:19+00:00\" \/>\n<meta property=\"article:modified_time\" content=\"2025-08-08T17:51:18+00:00\" \/>\n<meta property=\"og:image\" content=\"https:\/\/summits.estadao.com.br\/esg\/wp-content\/uploads\/2025\/08\/image-1.png\" \/>\n\t<meta property=\"og:image:width\" content=\"1200\" \/>\n\t<meta property=\"og:image:height\" content=\"800\" \/>\n\t<meta property=\"og:image:type\" content=\"image\/png\" \/>\n<meta name=\"author\" content=\"Camila Romualdo\" \/>\n<meta name=\"twitter:card\" content=\"summary_large_image\" \/>\n<meta name=\"twitter:label1\" content=\"Escrito por\" \/>\n\t<meta name=\"twitter:data1\" content=\"Camila Romualdo\" \/>\n\t<meta name=\"twitter:label2\" content=\"Est. tempo de leitura\" \/>\n\t<meta name=\"twitter:data2\" content=\"2 minutos\" \/>\n<script type=\"application\/ld+json\" class=\"yoast-schema-graph\">{\"@context\":\"https:\/\/schema.org\",\"@graph\":[{\"@type\":\"Article\",\"@id\":\"https:\/\/summits.estadao.com.br\/esg\/2025\/08\/01\/jbs-vai-contratar-beneficiarios-do-bolsa-familia-por-meio-de-parceria-com-o-governo\/#article\",\"isPartOf\":{\"@id\":\"https:\/\/summits.estadao.com.br\/esg\/2025\/08\/01\/jbs-vai-contratar-beneficiarios-do-bolsa-familia-por-meio-de-parceria-com-o-governo\/\"},\"author\":{\"name\":\"Camila Romualdo\",\"@id\":\"https:\/\/summits.estadao.com.br\/esg\/#\/schema\/person\/568157f07989479cad1a0a49846b6e77\"},\"headline\":\"JBS vai contratar benefici\u00e1rios do Bolsa Fam\u00edlia por meio de parceria com o governo\",\"datePublished\":\"2025-08-01T17:35:19+00:00\",\"dateModified\":\"2025-08-08T17:51:18+00:00\",\"mainEntityOfPage\":{\"@id\":\"https:\/\/summits.estadao.com.br\/esg\/2025\/08\/01\/jbs-vai-contratar-beneficiarios-do-bolsa-familia-por-meio-de-parceria-com-o-governo\/\"},\"wordCount\":313,\"commentCount\":0,\"publisher\":{\"@id\":\"https:\/\/summits.estadao.com.br\/esg\/#organization\"},\"image\":{\"@id\":\"https:\/\/summits.estadao.com.br\/esg\/2025\/08\/01\/jbs-vai-contratar-beneficiarios-do-bolsa-familia-por-meio-de-parceria-com-o-governo\/#primaryimage\"},\"thumbnailUrl\":\"https:\/\/summits.estadao.com.br\/esg\/wp-content\/uploads\/2025\/08\/image-1.png\",\"articleSection\":[\"Gest\u00e3o\"],\"inLanguage\":\"pt-BR\",\"potentialAction\":[{\"@type\":\"CommentAction\",\"name\":\"Comment\",\"target\":[\"https:\/\/summits.estadao.com.br\/esg\/2025\/08\/01\/jbs-vai-contratar-beneficiarios-do-bolsa-familia-por-meio-de-parceria-com-o-governo\/#respond\"]}]},{\"@type\":\"WebPage\",\"@id\":\"https:\/\/summits.estadao.com.br\/esg\/2025\/08\/01\/jbs-vai-contratar-beneficiarios-do-bolsa-familia-por-meio-de-parceria-com-o-governo\/\",\"url\":\"https:\/\/summits.estadao.com.br\/esg\/2025\/08\/01\/jbs-vai-contratar-beneficiarios-do-bolsa-familia-por-meio-de-parceria-com-o-governo\/\",\"name\":\"JBS vai contratar benefici\u00e1rios do Bolsa Fam\u00edlia por meio de parceria com o governo - Estad\u00e3o Summit ESG 2025 | 21 de agosto\",\"isPartOf\":{\"@id\":\"https:\/\/summits.estadao.com.br\/esg\/#website\"},\"primaryImageOfPage\":{\"@id\":\"https:\/\/summits.estadao.com.br\/esg\/2025\/08\/01\/jbs-vai-contratar-beneficiarios-do-bolsa-familia-por-meio-de-parceria-com-o-governo\/#primaryimage\"},\"image\":{\"@id\":\"https:\/\/summits.estadao.com.br\/esg\/2025\/08\/01\/jbs-vai-contratar-beneficiarios-do-bolsa-familia-por-meio-de-parceria-com-o-governo\/#primaryimage\"},\"thumbnailUrl\":\"https:\/\/summits.estadao.com.br\/esg\/wp-content\/uploads\/2025\/08\/image-1.png\",\"datePublished\":\"2025-08-01T17:35:19+00:00\",\"dateModified\":\"2025-08-08T17:51:18+00:00\",\"breadcrumb\":{\"@id\":\"https:\/\/summits.estadao.com.br\/esg\/2025\/08\/01\/jbs-vai-contratar-beneficiarios-do-bolsa-familia-por-meio-de-parceria-com-o-governo\/#breadcrumb\"},\"inLanguage\":\"pt-BR\",\"potentialAction\":[{\"@type\":\"ReadAction\",\"target\":[\"https:\/\/summits.estadao.com.br\/esg\/2025\/08\/01\/jbs-vai-contratar-beneficiarios-do-bolsa-familia-por-meio-de-parceria-com-o-governo\/\"]}]},{\"@type\":\"ImageObject\",\"inLanguage\":\"pt-BR\",\"@id\":\"https:\/\/summits.estadao.com.br\/esg\/2025\/08\/01\/jbs-vai-contratar-beneficiarios-do-bolsa-familia-por-meio-de-parceria-com-o-governo\/#primaryimage\",\"url\":\"https:\/\/summits.estadao.com.br\/esg\/wp-content\/uploads\/2025\/08\/image-1.png\",\"contentUrl\":\"https:\/\/summits.estadao.com.br\/esg\/wp-content\/uploads\/2025\/08\/image-1.png\",\"width\":1200,\"height\":800},{\"@type\":\"BreadcrumbList\",\"@id\":\"https:\/\/summits.estadao.com.br\/esg\/2025\/08\/01\/jbs-vai-contratar-beneficiarios-do-bolsa-familia-por-meio-de-parceria-com-o-governo\/#breadcrumb\",\"itemListElement\":[{\"@type\":\"ListItem\",\"position\":1,\"name\":\"In\u00edcio\",\"item\":\"https:\/\/summits.estadao.com.br\/esg\/\"},{\"@type\":\"ListItem\",\"position\":2,\"name\":\"JBS vai contratar benefici\u00e1rios do Bolsa Fam\u00edlia por meio de parceria com o governo\"}]},{\"@type\":\"WebSite\",\"@id\":\"https:\/\/summits.estadao.com.br\/esg\/#website\",\"url\":\"https:\/\/summits.estadao.com.br\/esg\/\",\"name\":\"Summit ESG 2024\",\"description\":\"EMPRESAS E SOCIEDADE PELA AGENDA 2030 A chave para um futuro mais sustent\u00e1vel e equitativo\",\"publisher\":{\"@id\":\"https:\/\/summits.estadao.com.br\/esg\/#organization\"},\"potentialAction\":[{\"@type\":\"SearchAction\",\"target\":{\"@type\":\"EntryPoint\",\"urlTemplate\":\"https:\/\/summits.estadao.com.br\/esg\/?s={search_term_string}\"},\"query-input\":\"required name=search_term_string\"}],\"inLanguage\":\"pt-BR\"},{\"@type\":\"Organization\",\"@id\":\"https:\/\/summits.estadao.com.br\/esg\/#organization\",\"name\":\"Summit ESG 2024\",\"url\":\"https:\/\/summits.estadao.com.br\/esg\/\",\"logo\":{\"@type\":\"ImageObject\",\"inLanguage\":\"pt-BR\",\"@id\":\"https:\/\/summits.estadao.com.br\/esg\/#\/schema\/logo\/image\/\",\"url\":\"https:\/\/summits.estadao.com.br\/esg\/wp-content\/uploads\/2024\/05\/Logo-SUMMIT-ESG-Sem-fundo-1.png\",\"contentUrl\":\"https:\/\/summits.estadao.com.br\/esg\/wp-content\/uploads\/2024\/05\/Logo-SUMMIT-ESG-Sem-fundo-1.png\",\"width\":300,\"height\":145,\"caption\":\"Summit ESG 2024\"},\"image\":{\"@id\":\"https:\/\/summits.estadao.com.br\/esg\/#\/schema\/logo\/image\/\"}},{\"@type\":\"Person\",\"@id\":\"https:\/\/summits.estadao.com.br\/esg\/#\/schema\/person\/568157f07989479cad1a0a49846b6e77\",\"name\":\"Camila Romualdo\",\"image\":{\"@type\":\"ImageObject\",\"inLanguage\":\"pt-BR\",\"@id\":\"https:\/\/summits.estadao.com.br\/esg\/#\/schema\/person\/image\/\",\"url\":\"https:\/\/secure.gravatar.com\/avatar\/fcb7001ee37636ed4503a64da8fddbab1b5d3d29368720eceaaaa7aac648b2ce?s=96&d=mm&r=g\",\"contentUrl\":\"https:\/\/secure.gravatar.com\/avatar\/fcb7001ee37636ed4503a64da8fddbab1b5d3d29368720eceaaaa7aac648b2ce?s=96&d=mm&r=g\",\"caption\":\"Camila Romualdo\"},\"sameAs\":[\"https:\/\/estadao.com.br\"],\"url\":\"https:\/\/summits.estadao.com.br\/esg\/author\/estadao_summitesg\/\"}]}<\/script>\n<!-- \/ Yoast SEO plugin. -->","yoast_head_json":{"title":"JBS vai contratar benefici\u00e1rios do Bolsa Fam\u00edlia por meio de parceria com o governo - Estad\u00e3o Summit ESG 2025 | 21 de agosto","robots":{"index":"index","follow":"follow","max-snippet":"max-snippet:-1","max-image-preview":"max-image-preview:large","max-video-preview":"max-video-preview:-1"},"canonical":"https:\/\/summits.estadao.com.br\/esg\/2025\/08\/01\/jbs-vai-contratar-beneficiarios-do-bolsa-familia-por-meio-de-parceria-com-o-governo\/","og_locale":"pt_BR","og_type":"article","og_title":"JBS vai contratar benefici\u00e1rios do Bolsa Fam\u00edlia por meio de parceria com o governo - Estad\u00e3o Summit ESG 2025 | 21 de agosto","og_description":"Acordo faz parte de esfor\u00e7o conjunto para promover inclus\u00e3o produtiva e reduzir a desigualdade Por Leandro Silveira &#8211; editada por Mariana Collini em 01\/08\/2025 A JBS assinou na quinta-feira, 31, um acordo de coopera\u00e7\u00e3o t\u00e9cnica com o Minist\u00e9rio do Desenvolvimento e Assist\u00eancia Social, Fam\u00edlia e Combate \u00e0 Fome para facilitar a contrata\u00e7\u00e3o de pessoas inscritas [&hellip;]","og_url":"https:\/\/summits.estadao.com.br\/esg\/2025\/08\/01\/jbs-vai-contratar-beneficiarios-do-bolsa-familia-por-meio-de-parceria-com-o-governo\/","og_site_name":"Estad\u00e3o Summit ESG 2025 | 21 de agosto","article_published_time":"2025-08-01T17:35:19+00:00","article_modified_time":"2025-08-08T17:51:18+00:00","og_image":[{"width":1200,"height":800,"url":"https:\/\/summits.estadao.com.br\/esg\/wp-content\/uploads\/2025\/08\/image-1.png","type":"image\/png"}],"author":"Camila Romualdo","twitter_card":"summary_large_image","twitter_misc":{"Escrito por":"Camila Romualdo","Est. tempo de leitura":"2 minutos"},"schema":{"@context":"https:\/\/schema.org","@graph":[{"@type":"Article","@id":"https:\/\/summits.estadao.com.br\/esg\/2025\/08\/01\/jbs-vai-contratar-beneficiarios-do-bolsa-familia-por-meio-de-parceria-com-o-governo\/#article","isPartOf":{"@id":"https:\/\/summits.estadao.com.br\/esg\/2025\/08\/01\/jbs-vai-contratar-beneficiarios-do-bolsa-familia-por-meio-de-parceria-com-o-governo\/"},"author":{"name":"Camila Romualdo","@id":"https:\/\/summits.estadao.com.br\/esg\/#\/schema\/person\/568157f07989479cad1a0a49846b6e77"},"headline":"JBS vai contratar benefici\u00e1rios do Bolsa Fam\u00edlia por meio de parceria com o governo","datePublished":"2025-08-01T17:35:19+00:00","dateModified":"2025-08-08T17:51:18+00:00","mainEntityOfPage":{"@id":"https:\/\/summits.estadao.com.br\/esg\/2025\/08\/01\/jbs-vai-contratar-beneficiarios-do-bolsa-familia-por-meio-de-parceria-com-o-governo\/"},"wordCount":313,"commentCount":0,"publisher":{"@id":"https:\/\/summits.estadao.com.br\/esg\/#organization"},"image":{"@id":"https:\/\/summits.estadao.com.br\/esg\/2025\/08\/01\/jbs-vai-contratar-beneficiarios-do-bolsa-familia-por-meio-de-parceria-com-o-governo\/#primaryimage"},"thumbnailUrl":"https:\/\/summits.estadao.com.br\/esg\/wp-content\/uploads\/2025\/08\/image-1.png","articleSection":["Gest\u00e3o"],"inLanguage":"pt-BR","potentialAction":[{"@type":"CommentAction","name":"Comment","target":["https:\/\/summits.estadao.com.br\/esg\/2025\/08\/01\/jbs-vai-contratar-beneficiarios-do-bolsa-familia-por-meio-de-parceria-com-o-governo\/#respond"]}]},{"@type":"WebPage","@id":"https:\/\/summits.estadao.com.br\/esg\/2025\/08\/01\/jbs-vai-contratar-beneficiarios-do-bolsa-familia-por-meio-de-parceria-com-o-governo\/","url":"https:\/\/summits.estadao.com.br\/esg\/2025\/08\/01\/jbs-vai-contratar-beneficiarios-do-bolsa-familia-por-meio-de-parceria-com-o-governo\/","name":"JBS vai contratar benefici\u00e1rios do Bolsa Fam\u00edlia por meio de parceria com o governo - Estad\u00e3o Summit ESG 2025 | 21 de agosto","isPartOf":{"@id":"https:\/\/summits.estadao.com.br\/esg\/#website"},"primaryImageOfPage":{"@id":"https:\/\/summits.estadao.com.br\/esg\/2025\/08\/01\/jbs-vai-contratar-beneficiarios-do-bolsa-familia-por-meio-de-parceria-com-o-governo\/#primaryimage"},"image":{"@id":"https:\/\/summits.estadao.com.br\/esg\/2025\/08\/01\/jbs-vai-contratar-beneficiarios-do-bolsa-familia-por-meio-de-parceria-com-o-governo\/#primaryimage"},"thumbnailUrl":"https:\/\/summits.estadao.com.br\/esg\/wp-content\/uploads\/2025\/08\/image-1.png","datePublished":"2025-08-01T17:35:19+00:00","dateModified":"2025-08-08T17:51:18+00:00","breadcrumb":{"@id":"https:\/\/summits.estadao.com.br\/esg\/2025\/08\/01\/jbs-vai-contratar-beneficiarios-do-bolsa-familia-por-meio-de-parceria-com-o-governo\/#breadcrumb"},"inLanguage":"pt-BR","potentialAction":[{"@type":"ReadAction","target":["https:\/\/summits.estadao.com.br\/esg\/2025\/08\/01\/jbs-vai-contratar-beneficiarios-do-bolsa-familia-por-meio-de-parceria-com-o-governo\/"]}]},{"@type":"ImageObject","inLanguage":"pt-BR","@id":"https:\/\/summits.estadao.com.br\/esg\/2025\/08\/01\/jbs-vai-contratar-beneficiarios-do-bolsa-familia-por-meio-de-parceria-com-o-governo\/#primaryimage","url":"https:\/\/summits.estadao.com.br\/esg\/wp-content\/uploads\/2025\/08\/image-1.png","contentUrl":"https:\/\/summits.estadao.com.br\/esg\/wp-content\/uploads\/2025\/08\/image-1.png","width":1200,"height":800},{"@type":"BreadcrumbList","@id":"https:\/\/summits.estadao.com.br\/esg\/2025\/08\/01\/jbs-vai-contratar-beneficiarios-do-bolsa-familia-por-meio-de-parceria-com-o-governo\/#breadcrumb","itemListElement":[{"@type":"ListItem","position":1,"name":"In\u00edcio","item":"https:\/\/summits.estadao.com.br\/esg\/"},{"@type":"ListItem","position":2,"name":"JBS vai contratar benefici\u00e1rios do Bolsa Fam\u00edlia por meio de parceria com o governo"}]},{"@type":"WebSite","@id":"https:\/\/summits.estadao.com.br\/esg\/#website","url":"https:\/\/summits.estadao.com.br\/esg\/","name":"Summit ESG 2024","description":"EMPRESAS E SOCIEDADE PELA AGENDA 2030 A chave para um futuro mais sustent\u00e1vel e equitativo","publisher":{"@id":"https:\/\/summits.estadao.com.br\/esg\/#organization"},"potentialAction":[{"@type":"SearchAction","target":{"@type":"EntryPoint","urlTemplate":"https:\/\/summits.estadao.com.br\/esg\/?s={search_term_string}"},"query-input":"required name=search_term_string"}],"inLanguage":"pt-BR"},{"@type":"Organization","@id":"https:\/\/summits.estadao.com.br\/esg\/#organization","name":"Summit ESG 2024","url":"https:\/\/summits.estadao.com.br\/esg\/","logo":{"@type":"ImageObject","inLanguage":"pt-BR","@id":"https:\/\/summits.estadao.com.br\/esg\/#\/schema\/logo\/image\/","url":"https:\/\/summits.estadao.com.br\/esg\/wp-content\/uploads\/2024\/05\/Logo-SUMMIT-ESG-Sem-fundo-1.png","contentUrl":"https:\/\/summits.estadao.com.br\/esg\/wp-content\/uploads\/2024\/05\/Logo-SUMMIT-ESG-Sem-fundo-1.png","width":300,"height":145,"caption":"Summit ESG 2024"},"image":{"@id":"https:\/\/summits.estadao.com.br\/esg\/#\/schema\/logo\/image\/"}},{"@type":"Person","@id":"https:\/\/summits.estadao.com.br\/esg\/#\/schema\/person\/568157f07989479cad1a0a49846b6e77","name":"Camila Romualdo","image":{"@type":"ImageObject","inLanguage":"pt-BR","@id":"https:\/\/summits.estadao.com.br\/esg\/#\/schema\/person\/image\/","url":"https:\/\/secure.gravatar.com\/avatar\/fcb7001ee37636ed4503a64da8fddbab1b5d3d29368720eceaaaa7aac648b2ce?s=96&d=mm&r=g","contentUrl":"https:\/\/secure.gravatar.com\/avatar\/fcb7001ee37636ed4503a64da8fddbab1b5d3d29368720eceaaaa7aac648b2ce?s=96&d=mm&r=g","caption":"Camila Romualdo"},"sameAs":["https:\/\/estadao.com.br"],"url":"https:\/\/summits.estadao.com.br\/esg\/author\/estadao_summitesg\/"}]}},"_links":{"self":[{"href":"https:\/\/summits.estadao.com.br\/esg\/wp-json\/wp\/v2\/posts\/5563","targetHints":{"allow":["GET"]}}],"collection":[{"href":"https:\/\/summits.estadao.com.br\/esg\/wp-json\/wp\/v2\/posts"}],"about":[{"href":"https:\/\/summits.estadao.com.br\/esg\/wp-json\/wp\/v2\/types\/post"}],"author":[{"embeddable":true,"href":"https:\/\/summits.estadao.com.br\/esg\/wp-json\/wp\/v2\/users\/2"}],"replies":[{"embeddable":true,"href":"https:\/\/summits.estadao.com.br\/esg\/wp-json\/wp\/v2\/comments?post=5563"}],"version-history":[{"count":1,"href":"https:\/\/summits.estadao.com.br\/esg\/wp-json\/wp\/v2\/posts\/5563\/revisions"}],"predecessor-version":[{"id":5565,"href":"https:\/\/summits.estadao.com.br\/esg\/wp-json\/wp\/v2\/posts\/5563\/revisions\/5565"}],"wp:featuredmedia":[{"embeddable":true,"href":"https:\/\/summits.estadao.com.br\/esg\/wp-json\/wp\/v2\/media\/5564"}],"wp:attachment":[{"href":"https:\/\/summits.estadao.com.br\/esg\/wp-json\/wp\/v2\/media?parent=5563"}],"wp:term":[{"taxonomy":"category","embeddable":true,"href":"https:\/\/summits.estadao.com.br\/esg\/wp-json\/wp\/v2\/categories?post=5563"},{"taxonomy":"post_tag","embeddable":true,"href":"https:\/\/summits.estadao.com.br\/esg\/wp-json\/wp\/v2\/tags?post=5563"}],"curies":[{"name":"wp","href":"https:\/\/api.w.org\/{rel}","templated":true}]}}